{"id":37600,"date":"2025-12-11T15:14:57","date_gmt":"2025-12-11T14:14:57","guid":{"rendered":"https:\/\/vinselcep.com\/?p=37600"},"modified":"2025-12-11T16:00:24","modified_gmt":"2025-12-11T15:00:24","slug":"45-anos-de-vins-el-cep-cuatro-familias-y-un-proyecto-arraigado-al-territorio","status":"publish","type":"post","link":"https:\/\/vinselcep.com\/es\/45-anos-de-vins-el-cep-cuatro-familias-y-un-proyecto-arraigado-al-territorio\/","title":{"rendered":"45 a\u00f1os de Vins el Cep, cuatro familias y un proyecto arraigado al territorio"},"content":{"rendered":"\n<h5 class=\"wp-block-heading\" id=\"h-una-bodega-con-identidad-propia-que-hoy-mira-hacia-adelante-con-el-liderazgo-de-la-segunda-generacion\">Una bodega con identidad propia que hoy mira hacia adelante con el liderazgo de la segunda generaci\u00f3n<\/h5>\n\n\n\n<p>Este a\u00f1o celebramos el 45\u00ba aniversario de Vins el Cep, reafirmando la vocaci\u00f3n con la que naci\u00f3: elaborar vinos y espumosos que expresen con autenticidad y excelencia nuestros terru\u00f1os de Espiells, la zona hist\u00f3rica de vi\u00f1a donde arraiga el proyecto. Desde 1980, la bodega ha mantenido un firme compromiso con la tierra y con el respeto por el paisaje vit\u00edcola.<\/p>\n\n\n\n<p>El proyecto surgi\u00f3 de la uni\u00f3n de cuatro familias viticultoras de Sant Lloren\u00e7 d\u2019Hortons y Gelida: los <strong>Carreras<\/strong> (Can Prats), <strong>Esteve<\/strong> (Can Simon), <strong>Masana<\/strong> (Can Castany) y <strong>Parera<\/strong> (Can Miquel de les Planes), cuatro valientes que creyeron que, si se escuchaban y confiaban los unos en los otros, lograr\u00edan hacer posible la visi\u00f3n que todos compart\u00edan. Apostaron por un proyecto que no solo nace de la tierra, sino tambi\u00e9n de la vida compartida y de la amistad, convencidos de que ser\u00eda m\u00e1s fuerte con el tiempo. Decidieron sumar esfuerzos con un objetivo claro: poner en valor la uva que cultivaban y transformarla en vinos que explicaran la singularidad del territorio con respeto y honestidad. El s\u00edmbolo de la bodega, cuatro semillas que se unen, representa perfectamente esta trayectoria: las cuatro familias fundadoras, el origen y la vida, y el camino compartido que ha permitido construir un proyecto s\u00f3lido, honesto y profundamente arraigado.<\/p>\n\n\n\n<p>Este esp\u00edritu de uni\u00f3n y confianza es lo que ha permitido que hoy Vins El Cep sea una bodega consolidada, llena de sentido y profundamente vinculada al territorio. Y es este esp\u00edritu el que nos han transmitido a la segunda generaci\u00f3n, encabezada por las hijas, que seguimos impulsando el proyecto. El relevo generacional es, en s\u00ed mismo, una prueba viva de aquella primera intuici\u00f3n de los fundadores: que cuando hay voluntad de entenderse, cuando se colabora y se comparte el camino, el resultado es m\u00e1s fuerte que cualquier trayecto hecho en solitario.<\/p>\n\n\n\n<p>Hemos sido la primera bodega del Pened\u00e8s en aplicar la viticultura biodin\u00e1mica y la responsable de elaborar el primer cava biodin\u00e1mico del mundo, convirti\u00e9ndonos en un referente internacional en la elaboraci\u00f3n de vinos de identidad. Tambi\u00e9n fuimos los primeros en obtener la distinci\u00f3n de Elaborador Integral, que certifica una vinificaci\u00f3n 100% propia.<\/p>\n\n\n\n<p>Con la segunda generaci\u00f3n al frente, el proyecto avanza con ilusi\u00f3n, respeto por el legado y un profundo compromiso con la sostenibilidad y el territorio. Afrontamos el futuro con la responsabilidad de seguir cuidando los vi\u00f1edos y de recuperar variedades propias, mientras que la apuesta por elaboraciones singulares sigue marcando el camino de una evoluci\u00f3n constante, fiel a la esencia y a la calidad.<\/p>\n\n\n\n<blockquote class=\"wp-block-quote is-layout-flow wp-block-quote-is-layout-flow\">\n<p>\u201cEn Vins El Cep siempre hemos tenido claro que nuestro verdadero patrimonio es esta tierra. Aqu\u00ed es donde late nuestra historia. Hoy mantenemos intacta la misma ilusi\u00f3n y el compromiso de cuidar este territorio para que contin\u00fae hablando a trav\u00e9s de nuestros vinos.\u201d \u2013 Maite Esteve.<\/p>\n<\/blockquote>\n\n\n<div class=\"wp-block-image\">\n<figure class=\"aligncenter is-resized\"><img fetchpriority=\"high\" decoding=\"async\" width=\"2560\" height=\"1696\" src=\"https:\/\/vinselcep.com\/wp-content\/uploads\/2025\/12\/Vins-el-Cep_4-FAMILIES_2-scaled.jpg\" alt=\"\" class=\"wp-image-37575\" style=\"width:1007px;height:auto\" srcset=\"https:\/\/vinselcep.com\/wp-content\/uploads\/2025\/12\/Vins-el-Cep_4-FAMILIES_2-scaled.jpg 2560w, https:\/\/vinselcep.com\/wp-content\/uploads\/2025\/12\/Vins-el-Cep_4-FAMILIES_2-scaled-800x530.jpg 800w, https:\/\/vinselcep.com\/wp-content\/uploads\/2025\/12\/Vins-el-Cep_4-FAMILIES_2-300x199.jpg 300w, https:\/\/vinselcep.com\/wp-content\/uploads\/2025\/12\/Vins-el-Cep_4-FAMILIES_2-1024x678.jpg 1024w, https:\/\/vinselcep.com\/wp-content\/uploads\/2025\/12\/Vins-el-Cep_4-FAMILIES_2-768x509.jpg 768w, https:\/\/vinselcep.com\/wp-content\/uploads\/2025\/12\/Vins-el-Cep_4-FAMILIES_2-1536x1017.jpg 1536w\" sizes=\"(max-width: 2560px) 100vw, 2560px\" \/><\/figure>\n<\/div>","protected":false},"excerpt":{"rendered":"<p>Una bodega con identidad propia que hoy mira hacia adelante con el liderazgo de la segunda generaci\u00f3n Este a\u00f1o celebramos el 45\u00ba aniversario de Vins el Cep, reafirmando la vocaci\u00f3n con la que naci\u00f3: elaborar vinos y espumosos que expresen con autenticidad y excelencia nuestros terru\u00f1os de Espiells, la zona hist\u00f3rica de vi\u00f1a donde arraiga el proyecto. Desde 1980, la bodega ha mantenido un firme compromiso con la tierra y con el respeto por el paisaje vit\u00edcola. El proyecto surgi\u00f3 de la uni\u00f3n de cuatro familias viticultoras de Sant Lloren\u00e7 d\u2019Hortons y Gelida: los Carreras (Can Prats), Esteve (Can Simon), Masana (Can Castany) y Parera (Can Miquel de les Planes), cuatro valientes que creyeron que, si se escuchaban y confiaban los unos en los otros, lograr\u00edan hacer posible la visi\u00f3n que todos compart\u00edan. Apostaron por un proyecto que no solo nace de la tierra, sino tambi\u00e9n de la vida compartida y de la amistad, convencidos de que ser\u00eda m\u00e1s fuerte con el tiempo. Decidieron sumar esfuerzos con un objetivo claro: poner en valor la uva que cultivaban y transformarla en vinos que explicaran la singularidad del territorio con respeto y honestidad. El s\u00edmbolo de la bodega, cuatro semillas que se unen, representa perfectamente esta trayectoria: las cuatro familias fundadoras, el origen y la vida, y el camino compartido que ha permitido construir un proyecto s\u00f3lido, honesto y profundamente arraigado. Este esp\u00edritu de uni\u00f3n y confianza es lo que ha permitido que hoy Vins El Cep sea una bodega consolidada, llena de sentido y profundamente vinculada al territorio. Y es este esp\u00edritu el que nos han transmitido a la segunda generaci\u00f3n, encabezada por las hijas, que seguimos impulsando el proyecto. El relevo generacional es, en s\u00ed mismo, una prueba viva de aquella primera intuici\u00f3n de los fundadores: que cuando hay voluntad de entenderse, cuando se colabora y se comparte el camino, el resultado es m\u00e1s fuerte que cualquier trayecto hecho en solitario. Hemos sido la primera bodega del Pened\u00e8s en aplicar la viticultura biodin\u00e1mica y la responsable de elaborar el primer cava biodin\u00e1mico del mundo, convirti\u00e9ndonos en un referente internacional en la elaboraci\u00f3n de vinos de identidad. Tambi\u00e9n fuimos los primeros en obtener la distinci\u00f3n de Elaborador Integral, que certifica una vinificaci\u00f3n 100% propia. Con la segunda generaci\u00f3n al frente, el proyecto avanza con ilusi\u00f3n, respeto por el legado y un profundo compromiso con la sostenibilidad y el territorio. Afrontamos el futuro con la responsabilidad de seguir cuidando los vi\u00f1edos y de recuperar variedades propias, mientras que la apuesta por elaboraciones singulares sigue marcando el camino de una evoluci\u00f3n constante, fiel a la esencia y a la calidad. \u201cEn Vins El Cep siempre hemos tenido claro que nuestro verdadero patrimonio es esta tierra. Aqu\u00ed es donde late nuestra historia. Hoy mantenemos intacta la misma ilusi\u00f3n y el compromiso de cuidar este territorio para que contin\u00fae hablando a trav\u00e9s de nuestros vinos.\u201d \u2013 Maite Esteve.<\/p>\n","protected":false},"author":2,"featured_media":37595,"comment_status":"closed","ping_status":"closed","sticky":false,"template":"","format":"standard","meta":{"ngg_post_thumbnail":0,"footnotes":""},"categories":[151,152,153,154],"tags":[],"class_list":["post-37600","post","type-post","status-publish","format-standard","has-post-thumbnail","hentry","category-biodinamica-es","category-cavas-es","category-vins-es","category-viticultura-es"],"yoast_head":"<!-- This site is optimized with the Yoast SEO Premium plugin v26.9 (Yoast SEO v26.9) - https:\/\/yoast.com\/product\/yoast-seo-premium-wordpress\/ -->\n<title>45 a\u00f1os de Vins el Cep, cuatro familias y un proyecto arraigado al territorio | Vins el Cep<\/title>\n<meta name=\"description\" content=\"Vins el Cep celebra 45 a\u00f1os: cuatro familias, un proyecto arraigado al territorio y una bodega pionera en viticultura biodin\u00e1mica en el Pened\u00e8s.\" \/>\n<meta name=\"robots\" content=\"index, follow, max-snippet:-1, max-image-preview:large, max-video-preview:-1\" \/>\n<link rel=\"canonical\" href=\"https:\/\/vinselcep.com\/es\/45-anos-de-vins-el-cep-cuatro-familias-y-un-proyecto-arraigado-al-territorio\/\" \/>\n<meta property=\"og:locale\" content=\"es_ES\" \/>\n<meta property=\"og:type\" content=\"article\" \/>\n<meta property=\"og:title\" content=\"45 a\u00f1os de Vins el Cep, cuatro familias y un proyecto arraigado al territorio\" \/>\n<meta property=\"og:description\" content=\"Vins el Cep celebra 45 a\u00f1os: cuatro familias, un proyecto arraigado al territorio y una bodega pionera en viticultura biodin\u00e1mica en el Pened\u00e8s.\" \/>\n<meta property=\"og:url\" content=\"https:\/\/vinselcep.com\/es\/45-anos-de-vins-el-cep-cuatro-familias-y-un-proyecto-arraigado-al-territorio\/\" \/>\n<meta property=\"og:site_name\" content=\"Vins el Cep\" \/>\n<meta property=\"article:publisher\" content=\"https:\/\/ca-es.facebook.com\/VinselCep\/\" \/>\n<meta property=\"article:published_time\" content=\"2025-12-11T14:14:57+00:00\" \/>\n<meta property=\"article:modified_time\" content=\"2025-12-11T15:00:24+00:00\" \/>\n<meta property=\"og:image\" content=\"https:\/\/vinselcep.com\/wp-content\/uploads\/2025\/12\/Vins-el-Cep_4_families_4713.jpg\" \/>\n\t<meta property=\"og:image:width\" content=\"1200\" \/>\n\t<meta property=\"og:image:height\" content=\"800\" \/>\n\t<meta property=\"og:image:type\" content=\"image\/jpeg\" \/>\n<meta name=\"author\" content=\"vinselcep\" \/>\n<meta name=\"twitter:card\" content=\"summary_large_image\" \/>\n<meta name=\"twitter:creator\" content=\"@vinselcep\" \/>\n<meta name=\"twitter:site\" content=\"@vinselcep\" \/>\n<meta name=\"twitter:label1\" content=\"Escrito por\" \/>\n\t<meta name=\"twitter:data1\" content=\"vinselcep\" \/>\n\t<meta name=\"twitter:label2\" content=\"Tiempo de lectura\" \/>\n\t<meta name=\"twitter:data2\" content=\"3 minutos\" \/>\n<script type=\"application\/ld+json\" class=\"yoast-schema-graph\">{\"@context\":\"https:\/\/schema.org\",\"@graph\":[{\"@type\":\"Article\",\"@id\":\"https:\/\/vinselcep.com\/es\/45-anos-de-vins-el-cep-cuatro-familias-y-un-proyecto-arraigado-al-territorio\/#article\",\"isPartOf\":{\"@id\":\"https:\/\/vinselcep.com\/es\/45-anos-de-vins-el-cep-cuatro-familias-y-un-proyecto-arraigado-al-territorio\/\"},\"author\":{\"name\":\"vinselcep\",\"@id\":\"https:\/\/vinselcep.com\/es\/#\/schema\/person\/d2d585ec0045e0bec0c6b80d1128fe60\"},\"headline\":\"45 a\u00f1os de Vins el Cep, cuatro familias y un proyecto arraigado al territorio\",\"datePublished\":\"2025-12-11T14:14:57+00:00\",\"dateModified\":\"2025-12-11T15:00:24+00:00\",\"mainEntityOfPage\":{\"@id\":\"https:\/\/vinselcep.com\/es\/45-anos-de-vins-el-cep-cuatro-familias-y-un-proyecto-arraigado-al-territorio\/\"},\"wordCount\":531,\"publisher\":{\"@id\":\"https:\/\/vinselcep.com\/es\/#organization\"},\"image\":{\"@id\":\"https:\/\/vinselcep.com\/es\/45-anos-de-vins-el-cep-cuatro-familias-y-un-proyecto-arraigado-al-territorio\/#primaryimage\"},\"thumbnailUrl\":\"https:\/\/vinselcep.com\/wp-content\/uploads\/2025\/12\/Vins-el-Cep_4_families_4713.jpg\",\"articleSection\":[\"Biodinamica\",\"Cavas\",\"Vinos\",\"Viticultura\"],\"inLanguage\":\"es\",\"copyrightYear\":\"2025\",\"copyrightHolder\":{\"@id\":\"https:\/\/vinselcep.com\/#organization\"}},{\"@type\":\"WebPage\",\"@id\":\"https:\/\/vinselcep.com\/es\/45-anos-de-vins-el-cep-cuatro-familias-y-un-proyecto-arraigado-al-territorio\/\",\"url\":\"https:\/\/vinselcep.com\/es\/45-anos-de-vins-el-cep-cuatro-familias-y-un-proyecto-arraigado-al-territorio\/\",\"name\":\"45 a\u00f1os de Vins el Cep, cuatro familias y un proyecto arraigado al territorio | Vins el Cep\",\"isPartOf\":{\"@id\":\"https:\/\/vinselcep.com\/es\/#website\"},\"primaryImageOfPage\":{\"@id\":\"https:\/\/vinselcep.com\/es\/45-anos-de-vins-el-cep-cuatro-familias-y-un-proyecto-arraigado-al-territorio\/#primaryimage\"},\"image\":{\"@id\":\"https:\/\/vinselcep.com\/es\/45-anos-de-vins-el-cep-cuatro-familias-y-un-proyecto-arraigado-al-territorio\/#primaryimage\"},\"thumbnailUrl\":\"https:\/\/vinselcep.com\/wp-content\/uploads\/2025\/12\/Vins-el-Cep_4_families_4713.jpg\",\"datePublished\":\"2025-12-11T14:14:57+00:00\",\"dateModified\":\"2025-12-11T15:00:24+00:00\",\"description\":\"Vins el Cep celebra 45 a\u00f1os: cuatro familias, un proyecto arraigado al territorio y una bodega pionera en viticultura biodin\u00e1mica en el Pened\u00e8s.\",\"breadcrumb\":{\"@id\":\"https:\/\/vinselcep.com\/es\/45-anos-de-vins-el-cep-cuatro-familias-y-un-proyecto-arraigado-al-territorio\/#breadcrumb\"},\"inLanguage\":\"es\",\"potentialAction\":[{\"@type\":\"ReadAction\",\"target\":[\"https:\/\/vinselcep.com\/es\/45-anos-de-vins-el-cep-cuatro-familias-y-un-proyecto-arraigado-al-territorio\/\"]}]},{\"@type\":\"ImageObject\",\"inLanguage\":\"es\",\"@id\":\"https:\/\/vinselcep.com\/es\/45-anos-de-vins-el-cep-cuatro-familias-y-un-proyecto-arraigado-al-territorio\/#primaryimage\",\"url\":\"https:\/\/vinselcep.com\/wp-content\/uploads\/2025\/12\/Vins-el-Cep_4_families_4713.jpg\",\"contentUrl\":\"https:\/\/vinselcep.com\/wp-content\/uploads\/2025\/12\/Vins-el-Cep_4_families_4713.jpg\",\"width\":1200,\"height\":800},{\"@type\":\"BreadcrumbList\",\"@id\":\"https:\/\/vinselcep.com\/es\/45-anos-de-vins-el-cep-cuatro-familias-y-un-proyecto-arraigado-al-territorio\/#breadcrumb\",\"itemListElement\":[{\"@type\":\"ListItem\",\"position\":1,\"name\":\"Inici\",\"item\":\"https:\/\/vinselcep.com\/es\/\"},{\"@type\":\"ListItem\",\"position\":2,\"name\":\"45 a\u00f1os de Vins el Cep, cuatro familias y un proyecto arraigado al territorio\"}]},{\"@type\":\"WebSite\",\"@id\":\"https:\/\/vinselcep.com\/es\/#website\",\"url\":\"https:\/\/vinselcep.com\/es\/\",\"name\":\"Vins el Cep\",\"description\":\"Viticultors des de 1448\",\"publisher\":{\"@id\":\"https:\/\/vinselcep.com\/es\/#organization\"},\"potentialAction\":[{\"@type\":\"SearchAction\",\"target\":{\"@type\":\"EntryPoint\",\"urlTemplate\":\"https:\/\/vinselcep.com\/es\/?s={search_term_string}\"},\"query-input\":{\"@type\":\"PropertyValueSpecification\",\"valueRequired\":true,\"valueName\":\"search_term_string\"}}],\"inLanguage\":\"es\"},{\"@type\":\"Organization\",\"@id\":\"https:\/\/vinselcep.com\/es\/#organization\",\"name\":\"Vins el Cep\",\"url\":\"https:\/\/vinselcep.com\/es\/\",\"logo\":{\"@type\":\"ImageObject\",\"inLanguage\":\"es\",\"@id\":\"https:\/\/vinselcep.com\/es\/#\/schema\/logo\/image\/\",\"url\":\"https:\/\/vinselcep.com\/wp-content\/uploads\/2020\/11\/logo-vinselcep-positiu.png\",\"contentUrl\":\"https:\/\/vinselcep.com\/wp-content\/uploads\/2020\/11\/logo-vinselcep-positiu.png\",\"width\":600,\"height\":379,\"caption\":\"Vins el Cep\"},\"image\":{\"@id\":\"https:\/\/vinselcep.com\/es\/#\/schema\/logo\/image\/\"},\"sameAs\":[\"https:\/\/ca-es.facebook.com\/VinselCep\/\",\"https:\/\/x.com\/vinselcep\",\"https:\/\/www.instagram.com\/vinselcep\/\"]},{\"@type\":\"Person\",\"@id\":\"https:\/\/vinselcep.com\/es\/#\/schema\/person\/d2d585ec0045e0bec0c6b80d1128fe60\",\"name\":\"vinselcep\"}]}<\/script>\n<!-- \/ Yoast SEO Premium plugin. -->","yoast_head_json":{"title":"45 a\u00f1os de Vins el Cep, cuatro familias y un proyecto arraigado al territorio | Vins el Cep","description":"Vins el Cep celebra 45 a\u00f1os: cuatro familias, un proyecto arraigado al territorio y una bodega pionera en viticultura biodin\u00e1mica en el Pened\u00e8s.","robots":{"index":"index","follow":"follow","max-snippet":"max-snippet:-1","max-image-preview":"max-image-preview:large","max-video-preview":"max-video-preview:-1"},"canonical":"https:\/\/vinselcep.com\/es\/45-anos-de-vins-el-cep-cuatro-familias-y-un-proyecto-arraigado-al-territorio\/","og_locale":"es_ES","og_type":"article","og_title":"45 a\u00f1os de Vins el Cep, cuatro familias y un proyecto arraigado al territorio","og_description":"Vins el Cep celebra 45 a\u00f1os: cuatro familias, un proyecto arraigado al territorio y una bodega pionera en viticultura biodin\u00e1mica en el Pened\u00e8s.","og_url":"https:\/\/vinselcep.com\/es\/45-anos-de-vins-el-cep-cuatro-familias-y-un-proyecto-arraigado-al-territorio\/","og_site_name":"Vins el Cep","article_publisher":"https:\/\/ca-es.facebook.com\/VinselCep\/","article_published_time":"2025-12-11T14:14:57+00:00","article_modified_time":"2025-12-11T15:00:24+00:00","og_image":[{"width":1200,"height":800,"url":"https:\/\/vinselcep.com\/wp-content\/uploads\/2025\/12\/Vins-el-Cep_4_families_4713.jpg","type":"image\/jpeg"}],"author":"vinselcep","twitter_card":"summary_large_image","twitter_creator":"@vinselcep","twitter_site":"@vinselcep","twitter_misc":{"Escrito por":"vinselcep","Tiempo de lectura":"3 minutos"},"schema":{"@context":"https:\/\/schema.org","@graph":[{"@type":"Article","@id":"https:\/\/vinselcep.com\/es\/45-anos-de-vins-el-cep-cuatro-familias-y-un-proyecto-arraigado-al-territorio\/#article","isPartOf":{"@id":"https:\/\/vinselcep.com\/es\/45-anos-de-vins-el-cep-cuatro-familias-y-un-proyecto-arraigado-al-territorio\/"},"author":{"name":"vinselcep","@id":"https:\/\/vinselcep.com\/es\/#\/schema\/person\/d2d585ec0045e0bec0c6b80d1128fe60"},"headline":"45 a\u00f1os de Vins el Cep, cuatro familias y un proyecto arraigado al territorio","datePublished":"2025-12-11T14:14:57+00:00","dateModified":"2025-12-11T15:00:24+00:00","mainEntityOfPage":{"@id":"https:\/\/vinselcep.com\/es\/45-anos-de-vins-el-cep-cuatro-familias-y-un-proyecto-arraigado-al-territorio\/"},"wordCount":531,"publisher":{"@id":"https:\/\/vinselcep.com\/es\/#organization"},"image":{"@id":"https:\/\/vinselcep.com\/es\/45-anos-de-vins-el-cep-cuatro-familias-y-un-proyecto-arraigado-al-territorio\/#primaryimage"},"thumbnailUrl":"https:\/\/vinselcep.com\/wp-content\/uploads\/2025\/12\/Vins-el-Cep_4_families_4713.jpg","articleSection":["Biodinamica","Cavas","Vinos","Viticultura"],"inLanguage":"es","copyrightYear":"2025","copyrightHolder":{"@id":"https:\/\/vinselcep.com\/#organization"}},{"@type":"WebPage","@id":"https:\/\/vinselcep.com\/es\/45-anos-de-vins-el-cep-cuatro-familias-y-un-proyecto-arraigado-al-territorio\/","url":"https:\/\/vinselcep.com\/es\/45-anos-de-vins-el-cep-cuatro-familias-y-un-proyecto-arraigado-al-territorio\/","name":"45 a\u00f1os de Vins el Cep, cuatro familias y un proyecto arraigado al territorio | Vins el Cep","isPartOf":{"@id":"https:\/\/vinselcep.com\/es\/#website"},"primaryImageOfPage":{"@id":"https:\/\/vinselcep.com\/es\/45-anos-de-vins-el-cep-cuatro-familias-y-un-proyecto-arraigado-al-territorio\/#primaryimage"},"image":{"@id":"https:\/\/vinselcep.com\/es\/45-anos-de-vins-el-cep-cuatro-familias-y-un-proyecto-arraigado-al-territorio\/#primaryimage"},"thumbnailUrl":"https:\/\/vinselcep.com\/wp-content\/uploads\/2025\/12\/Vins-el-Cep_4_families_4713.jpg","datePublished":"2025-12-11T14:14:57+00:00","dateModified":"2025-12-11T15:00:24+00:00","description":"Vins el Cep celebra 45 a\u00f1os: cuatro familias, un proyecto arraigado al territorio y una bodega pionera en viticultura biodin\u00e1mica en el Pened\u00e8s.","breadcrumb":{"@id":"https:\/\/vinselcep.com\/es\/45-anos-de-vins-el-cep-cuatro-familias-y-un-proyecto-arraigado-al-territorio\/#breadcrumb"},"inLanguage":"es","potentialAction":[{"@type":"ReadAction","target":["https:\/\/vinselcep.com\/es\/45-anos-de-vins-el-cep-cuatro-familias-y-un-proyecto-arraigado-al-territorio\/"]}]},{"@type":"ImageObject","inLanguage":"es","@id":"https:\/\/vinselcep.com\/es\/45-anos-de-vins-el-cep-cuatro-familias-y-un-proyecto-arraigado-al-territorio\/#primaryimage","url":"https:\/\/vinselcep.com\/wp-content\/uploads\/2025\/12\/Vins-el-Cep_4_families_4713.jpg","contentUrl":"https:\/\/vinselcep.com\/wp-content\/uploads\/2025\/12\/Vins-el-Cep_4_families_4713.jpg","width":1200,"height":800},{"@type":"BreadcrumbList","@id":"https:\/\/vinselcep.com\/es\/45-anos-de-vins-el-cep-cuatro-familias-y-un-proyecto-arraigado-al-territorio\/#breadcrumb","itemListElement":[{"@type":"ListItem","position":1,"name":"Inici","item":"https:\/\/vinselcep.com\/es\/"},{"@type":"ListItem","position":2,"name":"45 a\u00f1os de Vins el Cep, cuatro familias y un proyecto arraigado al territorio"}]},{"@type":"WebSite","@id":"https:\/\/vinselcep.com\/es\/#website","url":"https:\/\/vinselcep.com\/es\/","name":"Vins el Cep","description":"Viticultors des de 1448","publisher":{"@id":"https:\/\/vinselcep.com\/es\/#organization"},"potentialAction":[{"@type":"SearchAction","target":{"@type":"EntryPoint","urlTemplate":"https:\/\/vinselcep.com\/es\/?s={search_term_string}"},"query-input":{"@type":"PropertyValueSpecification","valueRequired":true,"valueName":"search_term_string"}}],"inLanguage":"es"},{"@type":"Organization","@id":"https:\/\/vinselcep.com\/es\/#organization","name":"Vins el Cep","url":"https:\/\/vinselcep.com\/es\/","logo":{"@type":"ImageObject","inLanguage":"es","@id":"https:\/\/vinselcep.com\/es\/#\/schema\/logo\/image\/","url":"https:\/\/vinselcep.com\/wp-content\/uploads\/2020\/11\/logo-vinselcep-positiu.png","contentUrl":"https:\/\/vinselcep.com\/wp-content\/uploads\/2020\/11\/logo-vinselcep-positiu.png","width":600,"height":379,"caption":"Vins el Cep"},"image":{"@id":"https:\/\/vinselcep.com\/es\/#\/schema\/logo\/image\/"},"sameAs":["https:\/\/ca-es.facebook.com\/VinselCep\/","https:\/\/x.com\/vinselcep","https:\/\/www.instagram.com\/vinselcep\/"]},{"@type":"Person","@id":"https:\/\/vinselcep.com\/es\/#\/schema\/person\/d2d585ec0045e0bec0c6b80d1128fe60","name":"vinselcep"}]}},"_links":{"self":[{"href":"https:\/\/vinselcep.com\/es\/wp-json\/wp\/v2\/posts\/37600","targetHints":{"allow":["GET"]}}],"collection":[{"href":"https:\/\/vinselcep.com\/es\/wp-json\/wp\/v2\/posts"}],"about":[{"href":"https:\/\/vinselcep.com\/es\/wp-json\/wp\/v2\/types\/post"}],"author":[{"embeddable":true,"href":"https:\/\/vinselcep.com\/es\/wp-json\/wp\/v2\/users\/2"}],"replies":[{"embeddable":true,"href":"https:\/\/vinselcep.com\/es\/wp-json\/wp\/v2\/comments?post=37600"}],"version-history":[{"count":0,"href":"https:\/\/vinselcep.com\/es\/wp-json\/wp\/v2\/posts\/37600\/revisions"}],"wp:featuredmedia":[{"embeddable":true,"href":"https:\/\/vinselcep.com\/es\/wp-json\/wp\/v2\/media\/37595"}],"wp:attachment":[{"href":"https:\/\/vinselcep.com\/es\/wp-json\/wp\/v2\/media?parent=37600"}],"wp:term":[{"taxonomy":"category","embeddable":true,"href":"https:\/\/vinselcep.com\/es\/wp-json\/wp\/v2\/categories?post=37600"},{"taxonomy":"post_tag","embeddable":true,"href":"https:\/\/vinselcep.com\/es\/wp-json\/wp\/v2\/tags?post=37600"}],"curies":[{"name":"wp","href":"https:\/\/api.w.org\/{rel}","templated":true}]}}