{"id":37426,"date":"2025-11-18T14:55:34","date_gmt":"2025-11-18T13:55:34","guid":{"rendered":"https:\/\/vinselcep.com\/?p=37426"},"modified":"2025-11-19T13:27:21","modified_gmt":"2025-11-19T12:27:21","slug":"el-claror-protagonista-por-partida-doble-en-el-cava-meeting","status":"publish","type":"post","link":"https:\/\/vinselcep.com\/es\/el-claror-protagonista-por-partida-doble-en-el-cava-meeting\/","title":{"rendered":"El Claror, protagonista por partida doble en el Cava Meeting"},"content":{"rendered":"\n<p>Esta \u00faltima semana, Vins el Cep ha estado presente en la segunda edici\u00f3n del <a href=\"https:\/\/cavameeting.com\/\">Cava Meeting<\/a>, un congreso internacional donde los profesionales del sector nos encontramos para compartir, inspirarnos y avanzar juntos, organizado por el Consejo Regulador de la DO Cava.<\/p>\n\n\n\n<p>En este contexto, nuestro <strong><a href=\"https:\/\/vinselcep.com\/fitxes\/CAVES\/cava_claror_2016_cat.pdf\">Cava Claror Paraje Calificado Can Prats Brut Nature<\/a><\/strong> fue seleccionado en dos ocasiones por los conferenciantes para formar parte de las catas. Por un lado, <strong><a href=\"https:\/\/sarahjaneevans.co.uk\/\">Sarah Jane Evans<\/a><\/strong>, Master of Wine (MW) y editora de la revista brit\u00e1nica <em><a href=\"https:\/\/www.decanter.com\/\">Decanter<\/a><\/em>, escogi\u00f3 la <strong>a\u00f1ada 2019<\/strong> para la cata \u201c<strong>Grandes Cavas de Vi\u00f1edo, el terroir<\/strong>\u201d, centrada en identificar las caracter\u00edsticas y diversidad de los terru\u00f1os de la DO Cava a trav\u00e9s de cavas de vi\u00f1edos singulares. Por su parte, la tambi\u00e9n Master of Wine y experta en vinos espumosos, <strong><a href=\"https:\/\/essiavellan.com\/\">Essi Avellan<\/a><\/strong>, y el periodista y sumiller <strong><a href=\"https:\/\/www.instagram.com\/ramon_francas\/?hl=es\">Ramon Franc\u00e0s<\/a><\/strong> eligieron la <strong>a\u00f1ada 2016<\/strong> para formar parte de la cata \u201c<strong>Cavas del m\u00e1s all\u00e1: +100 meses de crianza<\/strong>\u201d, donde se presentaron los cavas de m\u00e1s alta calidad.<\/p>\n\n\n\n<p>Recogemos as\u00ed los comentarios de Sarah Jane Evans y Ramon Franc\u00e0s, correspondientes a cada cata, as\u00ed como la presentaci\u00f3n realizada por Maite Esteve, quien est\u00e1 al frente de la bodega:<\/p>\n\n\n\n<p><strong>Sarah Jane Evans,<\/strong><em> <\/em>\u201c<strong>Grandes Cavas de Vi\u00f1edo, el terroir<\/strong>\u201d:<em> \u201cVins el Cep es una bodega realmente llamativa: en primer lugar, por su historia, que se remonta a 1448; en segundo lugar por su gesti\u00f3n conjunta por parte de 4 familias; en tercer lugar por ser biodin\u00e1mica, la primera en la zona del Cava; y en cuarto lugar por la calidad de sus vinos. La a\u00f1ada 2019 de Claror fue la primera en ser 100% Xarel\u00b7lo, lo que le aporta una gran pureza y garantiza un largo futuro.\u201d<\/em><\/p>\n\n\n\n<p><strong>Ramon Franc\u00e0s<\/strong>, \u201c<strong>Cavas del m\u00e1s all\u00e1: +100 meses de crianza<\/strong>\u201d: \u201c<em>Primer cava biodin\u00e1mico y entre los primeros cavas de Paraje Calificado. Cava m\u00e1s representativo de Vins el Cep, un Elaborador Integral, que habla de las variedades tradicionales a trav\u00e9s de vi\u00f1edos viejos y el esp\u00edritu de los viticultores. Trabajar con larga crianza (con tap\u00f3n de corcho) buscando la m\u00e1xima expresi\u00f3n. Elaborado con un 50% de xarel\u00b7lo (del cual un 10% fue fermentado en barrica) y macabeo y parellada a partes iguales. En botella se practica en dos ocasiones el poignetage para poner en suspensi\u00f3n las l\u00edas. Con 105 meses de crianza. De color amarillo pajizo, n\u00edtido y brillante. En fase olfativa despliega notas de fruta blanca (manzana) en un lecho sutil de frutos secos y pan ligeramente tostado. Con el carb\u00f3nico muy bien integrado. En boca muestra una fruta de hueso madura con un toque de miel, hierbas arom\u00e1ticas en infusi\u00f3n y una magn\u00edfica acidez, con un marcado final salino que le da una gran profundidad. Le ha sentado muy bien la crianza\u201d.<\/em><\/p>\n\n\n\n<p><strong>Maite Esteve<\/strong>: <em>\u201cLa historia de Vins El Cep empez\u00f3 hace cuarenta y cinco a\u00f1os, cuando cuatro familias de viticultores de Espiells decidieron unirse para elaborar cavas que hablaran de nuestras vi\u00f1as, de nuestra tierra y de nuestro origen.<\/em><\/p>\n\n\n\n<p><em>Hace m\u00e1s de veinte a\u00f1os que trabajamos con viticultura biodin\u00e1mica. Sentimos que era la forma m\u00e1s honesta y respetuosa de cuidar nuestras vi\u00f1as. <\/em><strong><\/strong><\/p>\n\n\n\n<p><em>Este cava es muy especial para nosotros. Representa la b\u00fasqueda constante de la excelencia: no solo en cultivar la mejor uva, sino tambi\u00e9n en transformar esa uva en el mejor vino posible. Fue el primer proyecto entre la primera y segunda generaci\u00f3n, experiencia y sabidur\u00eda con una mirada hacia el futuro.<\/em><\/p>\n\n\n\n<p><em>El nombre Claror significa \u2018luz\u2019, y nace de la luz que envuelve estas vi\u00f1as viejas y de la claridad con la que se expresa este cava. Por eso se llama as\u00ed.<\/em><\/p>\n\n\n\n<p><em>Siempre digo que Claror nos emociona. Es un cava que susurra elegancia, profundidad\u2026 y est\u00e1 lleno de vida.<\/em><\/p>\n\n\n\n<p><em>Y cada vez que abro una botella, pienso en todas las personas que lo han hecho: en mi prima, que cuida las vi\u00f1as con tanto cari\u00f1o; en quienes trabajan en la bodega, con la exigencia de saber que est\u00e1n elaborando un gran vino; y en quienes mueven cada botella durante la crianza, sabiendo que ese peque\u00f1o gesto es tambi\u00e9n importante.<\/em><\/p>\n\n\n\n<p><em>Ojal\u00e1 que, al probarlo tambi\u00e9n os emocione\u201d<\/em><\/p>\n\n\n\n<p><\/p>\n\n\n\n<p><a href=\"https:\/\/vinselcep.com\/es\/producto\/comprar-cava-claror\/\">Cava Claror de Paraje Calificado Can Prats<\/a><\/p>\n","protected":false},"excerpt":{"rendered":"<p>Esta \u00faltima semana, Vins el Cep ha estado presente en la segunda edici\u00f3n del Cava Meeting, un congreso internacional donde los profesionales del sector nos encontramos para compartir, inspirarnos y avanzar juntos, organizado por el Consejo Regulador de la DO Cava. En este contexto, nuestro Cava Claror Paraje Calificado Can Prats Brut Nature fue seleccionado en dos ocasiones por los conferenciantes para formar parte de las catas. Por un lado, Sarah Jane Evans, Master of Wine (MW) y editora de la revista brit\u00e1nica Decanter, escogi\u00f3 la a\u00f1ada 2019 para la cata \u201cGrandes Cavas de Vi\u00f1edo, el terroir\u201d, centrada en identificar las caracter\u00edsticas y diversidad de los terru\u00f1os de la DO Cava a trav\u00e9s de cavas de vi\u00f1edos singulares. Por su parte, la tambi\u00e9n Master of Wine y experta en vinos espumosos, Essi Avellan, y el periodista y sumiller Ramon Franc\u00e0s eligieron la a\u00f1ada 2016 para formar parte de la cata \u201cCavas del m\u00e1s all\u00e1: +100 meses de crianza\u201d, donde se presentaron los cavas de m\u00e1s alta calidad. Recogemos as\u00ed los comentarios de Sarah Jane Evans y Ramon Franc\u00e0s, correspondientes a cada cata, as\u00ed como la presentaci\u00f3n realizada por Maite Esteve, quien est\u00e1 al frente de la bodega: Sarah Jane Evans, \u201cGrandes Cavas de Vi\u00f1edo, el terroir\u201d: \u201cVins el Cep es una bodega realmente llamativa: en primer lugar, por su historia, que se remonta a 1448; en segundo lugar por su gesti\u00f3n conjunta por parte de 4 familias; en tercer lugar por ser biodin\u00e1mica, la primera en la zona del Cava; y en cuarto lugar por la calidad de sus vinos. La a\u00f1ada 2019 de Claror fue la primera en ser 100% Xarel\u00b7lo, lo que le aporta una gran pureza y garantiza un largo futuro.\u201d Ramon Franc\u00e0s, \u201cCavas del m\u00e1s all\u00e1: +100 meses de crianza\u201d: \u201cPrimer cava biodin\u00e1mico y entre los primeros cavas de Paraje Calificado. Cava m\u00e1s representativo de Vins el Cep, un Elaborador Integral, que habla de las variedades tradicionales a trav\u00e9s de vi\u00f1edos viejos y el esp\u00edritu de los viticultores. Trabajar con larga crianza (con tap\u00f3n de corcho) buscando la m\u00e1xima expresi\u00f3n. Elaborado con un 50% de xarel\u00b7lo (del cual un 10% fue fermentado en barrica) y macabeo y parellada a partes iguales. En botella se practica en dos ocasiones el poignetage para poner en suspensi\u00f3n las l\u00edas. Con 105 meses de crianza. De color amarillo pajizo, n\u00edtido y brillante. En fase olfativa despliega notas de fruta blanca (manzana) en un lecho sutil de frutos secos y pan ligeramente tostado. Con el carb\u00f3nico muy bien integrado. En boca muestra una fruta de hueso madura con un toque de miel, hierbas arom\u00e1ticas en infusi\u00f3n y una magn\u00edfica acidez, con un marcado final salino que le da una gran profundidad. Le ha sentado muy bien la crianza\u201d. Maite Esteve: \u201cLa historia de Vins El Cep empez\u00f3 hace cuarenta y cinco a\u00f1os, cuando cuatro familias de viticultores de Espiells decidieron unirse para elaborar cavas que hablaran de nuestras vi\u00f1as, de nuestra tierra y de nuestro origen. Hace m\u00e1s de veinte a\u00f1os que trabajamos con viticultura biodin\u00e1mica. Sentimos que era la forma m\u00e1s honesta y respetuosa de cuidar nuestras vi\u00f1as. Este cava es muy especial para nosotros. Representa la b\u00fasqueda constante de la excelencia: no solo en cultivar la mejor uva, sino tambi\u00e9n en transformar esa uva en el mejor vino posible. Fue el primer proyecto entre la primera y segunda generaci\u00f3n, experiencia y sabidur\u00eda con una mirada hacia el futuro. El nombre Claror significa \u2018luz\u2019, y nace de la luz que envuelve estas vi\u00f1as viejas y de la claridad con la que se expresa este cava. Por eso se llama as\u00ed. Siempre digo que Claror nos emociona. Es un cava que susurra elegancia, profundidad\u2026 y est\u00e1 lleno de vida. Y cada vez que abro una botella, pienso en todas las personas que lo han hecho: en mi prima, que cuida las vi\u00f1as con tanto cari\u00f1o; en quienes trabajan en la bodega, con la exigencia de saber que est\u00e1n elaborando un gran vino; y en quienes mueven cada botella durante la crianza, sabiendo que ese peque\u00f1o gesto es tambi\u00e9n importante. Ojal\u00e1 que, al probarlo tambi\u00e9n os emocione\u201d Cava Claror de Paraje Calificado Can Prats<\/p>\n","protected":false},"author":2,"featured_media":37423,"comment_status":"closed","ping_status":"closed","sticky":false,"template":"","format":"standard","meta":{"ngg_post_thumbnail":0,"footnotes":""},"categories":[71],"tags":[],"class_list":["post-37426","post","type-post","status-publish","format-standard","has-post-thumbnail","hentry","category-restaurantes"],"yoast_head":"<!-- This site is optimized with the Yoast SEO Premium plugin v26.9 (Yoast SEO v26.9) - https:\/\/yoast.com\/product\/yoast-seo-premium-wordpress\/ -->\n<title>El Claror, protagonista por partida doble en el Cava Meeting | Vins el Cep<\/title>\n<meta name=\"robots\" content=\"index, follow, max-snippet:-1, max-image-preview:large, max-video-preview:-1\" \/>\n<link rel=\"canonical\" href=\"https:\/\/vinselcep.com\/es\/el-claror-protagonista-por-partida-doble-en-el-cava-meeting\/\" \/>\n<meta property=\"og:locale\" content=\"es_ES\" \/>\n<meta property=\"og:type\" content=\"article\" \/>\n<meta property=\"og:title\" content=\"El Claror, protagonista por partida doble en el Cava Meeting\" \/>\n<meta property=\"og:description\" content=\"Esta \u00faltima semana, Vins el Cep ha estado presente en la segunda edici\u00f3n del Cava Meeting, un congreso internacional donde los profesionales del sector nos encontramos para compartir, inspirarnos y avanzar juntos, organizado por el Consejo Regulador de la DO Cava. En este contexto, nuestro Cava Claror Paraje Calificado Can Prats Brut Nature fue seleccionado en dos ocasiones por los conferenciantes para formar parte de las catas. Por un lado, Sarah Jane Evans, Master of Wine (MW) y editora de la revista brit\u00e1nica Decanter, escogi\u00f3 la a\u00f1ada 2019 para la cata \u201cGrandes Cavas de Vi\u00f1edo, el terroir\u201d, centrada en identificar las caracter\u00edsticas y diversidad de los terru\u00f1os de la DO Cava a trav\u00e9s de cavas de vi\u00f1edos singulares. Por su parte, la tambi\u00e9n Master of Wine y experta en vinos espumosos, Essi Avellan, y el periodista y sumiller Ramon Franc\u00e0s eligieron la a\u00f1ada 2016 para formar parte de la cata \u201cCavas del m\u00e1s all\u00e1: +100 meses de crianza\u201d, donde se presentaron los cavas de m\u00e1s alta calidad. Recogemos as\u00ed los comentarios de Sarah Jane Evans y Ramon Franc\u00e0s, correspondientes a cada cata, as\u00ed como la presentaci\u00f3n realizada por Maite Esteve, quien est\u00e1 al frente de la bodega: Sarah Jane Evans, \u201cGrandes Cavas de Vi\u00f1edo, el terroir\u201d: \u201cVins el Cep es una bodega realmente llamativa: en primer lugar, por su historia, que se remonta a 1448; en segundo lugar por su gesti\u00f3n conjunta por parte de 4 familias; en tercer lugar por ser biodin\u00e1mica, la primera en la zona del Cava; y en cuarto lugar por la calidad de sus vinos. La a\u00f1ada 2019 de Claror fue la primera en ser 100% Xarel\u00b7lo, lo que le aporta una gran pureza y garantiza un largo futuro.\u201d Ramon Franc\u00e0s, \u201cCavas del m\u00e1s all\u00e1: +100 meses de crianza\u201d: \u201cPrimer cava biodin\u00e1mico y entre los primeros cavas de Paraje Calificado. Cava m\u00e1s representativo de Vins el Cep, un Elaborador Integral, que habla de las variedades tradicionales a trav\u00e9s de vi\u00f1edos viejos y el esp\u00edritu de los viticultores. Trabajar con larga crianza (con tap\u00f3n de corcho) buscando la m\u00e1xima expresi\u00f3n. Elaborado con un 50% de xarel\u00b7lo (del cual un 10% fue fermentado en barrica) y macabeo y parellada a partes iguales. En botella se practica en dos ocasiones el poignetage para poner en suspensi\u00f3n las l\u00edas. Con 105 meses de crianza. De color amarillo pajizo, n\u00edtido y brillante. En fase olfativa despliega notas de fruta blanca (manzana) en un lecho sutil de frutos secos y pan ligeramente tostado. Con el carb\u00f3nico muy bien integrado. En boca muestra una fruta de hueso madura con un toque de miel, hierbas arom\u00e1ticas en infusi\u00f3n y una magn\u00edfica acidez, con un marcado final salino que le da una gran profundidad. Le ha sentado muy bien la crianza\u201d. Maite Esteve: \u201cLa historia de Vins El Cep empez\u00f3 hace cuarenta y cinco a\u00f1os, cuando cuatro familias de viticultores de Espiells decidieron unirse para elaborar cavas que hablaran de nuestras vi\u00f1as, de nuestra tierra y de nuestro origen. Hace m\u00e1s de veinte a\u00f1os que trabajamos con viticultura biodin\u00e1mica. Sentimos que era la forma m\u00e1s honesta y respetuosa de cuidar nuestras vi\u00f1as. Este cava es muy especial para nosotros. Representa la b\u00fasqueda constante de la excelencia: no solo en cultivar la mejor uva, sino tambi\u00e9n en transformar esa uva en el mejor vino posible. Fue el primer proyecto entre la primera y segunda generaci\u00f3n, experiencia y sabidur\u00eda con una mirada hacia el futuro. El nombre Claror significa \u2018luz\u2019, y nace de la luz que envuelve estas vi\u00f1as viejas y de la claridad con la que se expresa este cava. Por eso se llama as\u00ed. Siempre digo que Claror nos emociona. Es un cava que susurra elegancia, profundidad\u2026 y est\u00e1 lleno de vida. Y cada vez que abro una botella, pienso en todas las personas que lo han hecho: en mi prima, que cuida las vi\u00f1as con tanto cari\u00f1o; en quienes trabajan en la bodega, con la exigencia de saber que est\u00e1n elaborando un gran vino; y en quienes mueven cada botella durante la crianza, sabiendo que ese peque\u00f1o gesto es tambi\u00e9n importante. Ojal\u00e1 que, al probarlo tambi\u00e9n os emocione\u201d Cava Claror de Paraje Calificado Can Prats\" \/>\n<meta property=\"og:url\" content=\"https:\/\/vinselcep.com\/es\/el-claror-protagonista-por-partida-doble-en-el-cava-meeting\/\" \/>\n<meta property=\"og:site_name\" content=\"Vins el Cep\" \/>\n<meta property=\"article:publisher\" content=\"https:\/\/ca-es.facebook.com\/VinselCep\/\" \/>\n<meta property=\"article:published_time\" content=\"2025-11-18T13:55:34+00:00\" \/>\n<meta property=\"article:modified_time\" content=\"2025-11-19T12:27:21+00:00\" \/>\n<meta property=\"og:image\" content=\"https:\/\/vinselcep.com\/wp-content\/uploads\/2025\/11\/bodego_cava_claror_can_prats_2015_horitzontal_mid_res_mid_res-scaled.jpg\" \/>\n\t<meta property=\"og:image:width\" content=\"2560\" \/>\n\t<meta property=\"og:image:height\" content=\"1707\" \/>\n\t<meta property=\"og:image:type\" content=\"image\/jpeg\" \/>\n<meta name=\"author\" content=\"vinselcep\" \/>\n<meta name=\"twitter:card\" content=\"summary_large_image\" \/>\n<meta name=\"twitter:creator\" content=\"@vinselcep\" \/>\n<meta name=\"twitter:site\" content=\"@vinselcep\" \/>\n<meta name=\"twitter:label1\" content=\"Escrito por\" \/>\n\t<meta name=\"twitter:data1\" content=\"vinselcep\" \/>\n\t<meta name=\"twitter:label2\" content=\"Tiempo de lectura\" \/>\n\t<meta name=\"twitter:data2\" content=\"4 minutos\" \/>\n<script type=\"application\/ld+json\" class=\"yoast-schema-graph\">{\"@context\":\"https:\/\/schema.org\",\"@graph\":[{\"@type\":\"Article\",\"@id\":\"https:\/\/vinselcep.com\/es\/el-claror-protagonista-por-partida-doble-en-el-cava-meeting\/#article\",\"isPartOf\":{\"@id\":\"https:\/\/vinselcep.com\/es\/el-claror-protagonista-por-partida-doble-en-el-cava-meeting\/\"},\"author\":{\"name\":\"vinselcep\",\"@id\":\"https:\/\/vinselcep.com\/es\/#\/schema\/person\/d2d585ec0045e0bec0c6b80d1128fe60\"},\"headline\":\"El Claror, protagonista por partida doble en el Cava Meeting\",\"datePublished\":\"2025-11-18T13:55:34+00:00\",\"dateModified\":\"2025-11-19T12:27:21+00:00\",\"mainEntityOfPage\":{\"@id\":\"https:\/\/vinselcep.com\/es\/el-claror-protagonista-por-partida-doble-en-el-cava-meeting\/\"},\"wordCount\":747,\"publisher\":{\"@id\":\"https:\/\/vinselcep.com\/es\/#organization\"},\"image\":{\"@id\":\"https:\/\/vinselcep.com\/es\/el-claror-protagonista-por-partida-doble-en-el-cava-meeting\/#primaryimage\"},\"thumbnailUrl\":\"https:\/\/vinselcep.com\/wp-content\/uploads\/2025\/11\/bodego_cava_claror_can_prats_2015_horitzontal_mid_res_mid_res-scaled.jpg\",\"articleSection\":[\"Restaurantes\"],\"inLanguage\":\"es\",\"copyrightYear\":\"2025\",\"copyrightHolder\":{\"@id\":\"https:\/\/vinselcep.com\/#organization\"}},{\"@type\":\"WebPage\",\"@id\":\"https:\/\/vinselcep.com\/es\/el-claror-protagonista-por-partida-doble-en-el-cava-meeting\/\",\"url\":\"https:\/\/vinselcep.com\/es\/el-claror-protagonista-por-partida-doble-en-el-cava-meeting\/\",\"name\":\"El Claror, protagonista por partida doble en el Cava Meeting | Vins el Cep\",\"isPartOf\":{\"@id\":\"https:\/\/vinselcep.com\/es\/#website\"},\"primaryImageOfPage\":{\"@id\":\"https:\/\/vinselcep.com\/es\/el-claror-protagonista-por-partida-doble-en-el-cava-meeting\/#primaryimage\"},\"image\":{\"@id\":\"https:\/\/vinselcep.com\/es\/el-claror-protagonista-por-partida-doble-en-el-cava-meeting\/#primaryimage\"},\"thumbnailUrl\":\"https:\/\/vinselcep.com\/wp-content\/uploads\/2025\/11\/bodego_cava_claror_can_prats_2015_horitzontal_mid_res_mid_res-scaled.jpg\",\"datePublished\":\"2025-11-18T13:55:34+00:00\",\"dateModified\":\"2025-11-19T12:27:21+00:00\",\"breadcrumb\":{\"@id\":\"https:\/\/vinselcep.com\/es\/el-claror-protagonista-por-partida-doble-en-el-cava-meeting\/#breadcrumb\"},\"inLanguage\":\"es\",\"potentialAction\":[{\"@type\":\"ReadAction\",\"target\":[\"https:\/\/vinselcep.com\/es\/el-claror-protagonista-por-partida-doble-en-el-cava-meeting\/\"]}]},{\"@type\":\"ImageObject\",\"inLanguage\":\"es\",\"@id\":\"https:\/\/vinselcep.com\/es\/el-claror-protagonista-por-partida-doble-en-el-cava-meeting\/#primaryimage\",\"url\":\"https:\/\/vinselcep.com\/wp-content\/uploads\/2025\/11\/bodego_cava_claror_can_prats_2015_horitzontal_mid_res_mid_res-scaled.jpg\",\"contentUrl\":\"https:\/\/vinselcep.com\/wp-content\/uploads\/2025\/11\/bodego_cava_claror_can_prats_2015_horitzontal_mid_res_mid_res-scaled.jpg\",\"width\":2560,\"height\":1707},{\"@type\":\"BreadcrumbList\",\"@id\":\"https:\/\/vinselcep.com\/es\/el-claror-protagonista-por-partida-doble-en-el-cava-meeting\/#breadcrumb\",\"itemListElement\":[{\"@type\":\"ListItem\",\"position\":1,\"name\":\"Inici\",\"item\":\"https:\/\/vinselcep.com\/es\/\"},{\"@type\":\"ListItem\",\"position\":2,\"name\":\"El Claror, protagonista por partida doble en el Cava Meeting\"}]},{\"@type\":\"WebSite\",\"@id\":\"https:\/\/vinselcep.com\/es\/#website\",\"url\":\"https:\/\/vinselcep.com\/es\/\",\"name\":\"Vins el Cep\",\"description\":\"Viticultors des de 1448\",\"publisher\":{\"@id\":\"https:\/\/vinselcep.com\/es\/#organization\"},\"potentialAction\":[{\"@type\":\"SearchAction\",\"target\":{\"@type\":\"EntryPoint\",\"urlTemplate\":\"https:\/\/vinselcep.com\/es\/?s={search_term_string}\"},\"query-input\":{\"@type\":\"PropertyValueSpecification\",\"valueRequired\":true,\"valueName\":\"search_term_string\"}}],\"inLanguage\":\"es\"},{\"@type\":\"Organization\",\"@id\":\"https:\/\/vinselcep.com\/es\/#organization\",\"name\":\"Vins el Cep\",\"url\":\"https:\/\/vinselcep.com\/es\/\",\"logo\":{\"@type\":\"ImageObject\",\"inLanguage\":\"es\",\"@id\":\"https:\/\/vinselcep.com\/es\/#\/schema\/logo\/image\/\",\"url\":\"https:\/\/vinselcep.com\/wp-content\/uploads\/2020\/11\/logo-vinselcep-positiu.png\",\"contentUrl\":\"https:\/\/vinselcep.com\/wp-content\/uploads\/2020\/11\/logo-vinselcep-positiu.png\",\"width\":600,\"height\":379,\"caption\":\"Vins el Cep\"},\"image\":{\"@id\":\"https:\/\/vinselcep.com\/es\/#\/schema\/logo\/image\/\"},\"sameAs\":[\"https:\/\/ca-es.facebook.com\/VinselCep\/\",\"https:\/\/x.com\/vinselcep\",\"https:\/\/www.instagram.com\/vinselcep\/\"]},{\"@type\":\"Person\",\"@id\":\"https:\/\/vinselcep.com\/es\/#\/schema\/person\/d2d585ec0045e0bec0c6b80d1128fe60\",\"name\":\"vinselcep\"}]}<\/script>\n<!-- \/ Yoast SEO Premium plugin. -->","yoast_head_json":{"title":"El Claror, protagonista por partida doble en el Cava Meeting | Vins el Cep","robots":{"index":"index","follow":"follow","max-snippet":"max-snippet:-1","max-image-preview":"max-image-preview:large","max-video-preview":"max-video-preview:-1"},"canonical":"https:\/\/vinselcep.com\/es\/el-claror-protagonista-por-partida-doble-en-el-cava-meeting\/","og_locale":"es_ES","og_type":"article","og_title":"El Claror, protagonista por partida doble en el Cava Meeting","og_description":"Esta \u00faltima semana, Vins el Cep ha estado presente en la segunda edici\u00f3n del Cava Meeting, un congreso internacional donde los profesionales del sector nos encontramos para compartir, inspirarnos y avanzar juntos, organizado por el Consejo Regulador de la DO Cava. En este contexto, nuestro Cava Claror Paraje Calificado Can Prats Brut Nature fue seleccionado en dos ocasiones por los conferenciantes para formar parte de las catas. Por un lado, Sarah Jane Evans, Master of Wine (MW) y editora de la revista brit\u00e1nica Decanter, escogi\u00f3 la a\u00f1ada 2019 para la cata \u201cGrandes Cavas de Vi\u00f1edo, el terroir\u201d, centrada en identificar las caracter\u00edsticas y diversidad de los terru\u00f1os de la DO Cava a trav\u00e9s de cavas de vi\u00f1edos singulares. Por su parte, la tambi\u00e9n Master of Wine y experta en vinos espumosos, Essi Avellan, y el periodista y sumiller Ramon Franc\u00e0s eligieron la a\u00f1ada 2016 para formar parte de la cata \u201cCavas del m\u00e1s all\u00e1: +100 meses de crianza\u201d, donde se presentaron los cavas de m\u00e1s alta calidad. Recogemos as\u00ed los comentarios de Sarah Jane Evans y Ramon Franc\u00e0s, correspondientes a cada cata, as\u00ed como la presentaci\u00f3n realizada por Maite Esteve, quien est\u00e1 al frente de la bodega: Sarah Jane Evans, \u201cGrandes Cavas de Vi\u00f1edo, el terroir\u201d: \u201cVins el Cep es una bodega realmente llamativa: en primer lugar, por su historia, que se remonta a 1448; en segundo lugar por su gesti\u00f3n conjunta por parte de 4 familias; en tercer lugar por ser biodin\u00e1mica, la primera en la zona del Cava; y en cuarto lugar por la calidad de sus vinos. La a\u00f1ada 2019 de Claror fue la primera en ser 100% Xarel\u00b7lo, lo que le aporta una gran pureza y garantiza un largo futuro.\u201d Ramon Franc\u00e0s, \u201cCavas del m\u00e1s all\u00e1: +100 meses de crianza\u201d: \u201cPrimer cava biodin\u00e1mico y entre los primeros cavas de Paraje Calificado. Cava m\u00e1s representativo de Vins el Cep, un Elaborador Integral, que habla de las variedades tradicionales a trav\u00e9s de vi\u00f1edos viejos y el esp\u00edritu de los viticultores. Trabajar con larga crianza (con tap\u00f3n de corcho) buscando la m\u00e1xima expresi\u00f3n. Elaborado con un 50% de xarel\u00b7lo (del cual un 10% fue fermentado en barrica) y macabeo y parellada a partes iguales. En botella se practica en dos ocasiones el poignetage para poner en suspensi\u00f3n las l\u00edas. Con 105 meses de crianza. De color amarillo pajizo, n\u00edtido y brillante. En fase olfativa despliega notas de fruta blanca (manzana) en un lecho sutil de frutos secos y pan ligeramente tostado. Con el carb\u00f3nico muy bien integrado. En boca muestra una fruta de hueso madura con un toque de miel, hierbas arom\u00e1ticas en infusi\u00f3n y una magn\u00edfica acidez, con un marcado final salino que le da una gran profundidad. Le ha sentado muy bien la crianza\u201d. Maite Esteve: \u201cLa historia de Vins El Cep empez\u00f3 hace cuarenta y cinco a\u00f1os, cuando cuatro familias de viticultores de Espiells decidieron unirse para elaborar cavas que hablaran de nuestras vi\u00f1as, de nuestra tierra y de nuestro origen. Hace m\u00e1s de veinte a\u00f1os que trabajamos con viticultura biodin\u00e1mica. Sentimos que era la forma m\u00e1s honesta y respetuosa de cuidar nuestras vi\u00f1as. Este cava es muy especial para nosotros. Representa la b\u00fasqueda constante de la excelencia: no solo en cultivar la mejor uva, sino tambi\u00e9n en transformar esa uva en el mejor vino posible. Fue el primer proyecto entre la primera y segunda generaci\u00f3n, experiencia y sabidur\u00eda con una mirada hacia el futuro. El nombre Claror significa \u2018luz\u2019, y nace de la luz que envuelve estas vi\u00f1as viejas y de la claridad con la que se expresa este cava. Por eso se llama as\u00ed. Siempre digo que Claror nos emociona. Es un cava que susurra elegancia, profundidad\u2026 y est\u00e1 lleno de vida. Y cada vez que abro una botella, pienso en todas las personas que lo han hecho: en mi prima, que cuida las vi\u00f1as con tanto cari\u00f1o; en quienes trabajan en la bodega, con la exigencia de saber que est\u00e1n elaborando un gran vino; y en quienes mueven cada botella durante la crianza, sabiendo que ese peque\u00f1o gesto es tambi\u00e9n importante. Ojal\u00e1 que, al probarlo tambi\u00e9n os emocione\u201d Cava Claror de Paraje Calificado Can Prats","og_url":"https:\/\/vinselcep.com\/es\/el-claror-protagonista-por-partida-doble-en-el-cava-meeting\/","og_site_name":"Vins el Cep","article_publisher":"https:\/\/ca-es.facebook.com\/VinselCep\/","article_published_time":"2025-11-18T13:55:34+00:00","article_modified_time":"2025-11-19T12:27:21+00:00","og_image":[{"width":2560,"height":1707,"url":"https:\/\/vinselcep.com\/wp-content\/uploads\/2025\/11\/bodego_cava_claror_can_prats_2015_horitzontal_mid_res_mid_res-scaled.jpg","type":"image\/jpeg"}],"author":"vinselcep","twitter_card":"summary_large_image","twitter_creator":"@vinselcep","twitter_site":"@vinselcep","twitter_misc":{"Escrito por":"vinselcep","Tiempo de lectura":"4 minutos"},"schema":{"@context":"https:\/\/schema.org","@graph":[{"@type":"Article","@id":"https:\/\/vinselcep.com\/es\/el-claror-protagonista-por-partida-doble-en-el-cava-meeting\/#article","isPartOf":{"@id":"https:\/\/vinselcep.com\/es\/el-claror-protagonista-por-partida-doble-en-el-cava-meeting\/"},"author":{"name":"vinselcep","@id":"https:\/\/vinselcep.com\/es\/#\/schema\/person\/d2d585ec0045e0bec0c6b80d1128fe60"},"headline":"El Claror, protagonista por partida doble en el Cava Meeting","datePublished":"2025-11-18T13:55:34+00:00","dateModified":"2025-11-19T12:27:21+00:00","mainEntityOfPage":{"@id":"https:\/\/vinselcep.com\/es\/el-claror-protagonista-por-partida-doble-en-el-cava-meeting\/"},"wordCount":747,"publisher":{"@id":"https:\/\/vinselcep.com\/es\/#organization"},"image":{"@id":"https:\/\/vinselcep.com\/es\/el-claror-protagonista-por-partida-doble-en-el-cava-meeting\/#primaryimage"},"thumbnailUrl":"https:\/\/vinselcep.com\/wp-content\/uploads\/2025\/11\/bodego_cava_claror_can_prats_2015_horitzontal_mid_res_mid_res-scaled.jpg","articleSection":["Restaurantes"],"inLanguage":"es","copyrightYear":"2025","copyrightHolder":{"@id":"https:\/\/vinselcep.com\/#organization"}},{"@type":"WebPage","@id":"https:\/\/vinselcep.com\/es\/el-claror-protagonista-por-partida-doble-en-el-cava-meeting\/","url":"https:\/\/vinselcep.com\/es\/el-claror-protagonista-por-partida-doble-en-el-cava-meeting\/","name":"El Claror, protagonista por partida doble en el Cava Meeting | Vins el Cep","isPartOf":{"@id":"https:\/\/vinselcep.com\/es\/#website"},"primaryImageOfPage":{"@id":"https:\/\/vinselcep.com\/es\/el-claror-protagonista-por-partida-doble-en-el-cava-meeting\/#primaryimage"},"image":{"@id":"https:\/\/vinselcep.com\/es\/el-claror-protagonista-por-partida-doble-en-el-cava-meeting\/#primaryimage"},"thumbnailUrl":"https:\/\/vinselcep.com\/wp-content\/uploads\/2025\/11\/bodego_cava_claror_can_prats_2015_horitzontal_mid_res_mid_res-scaled.jpg","datePublished":"2025-11-18T13:55:34+00:00","dateModified":"2025-11-19T12:27:21+00:00","breadcrumb":{"@id":"https:\/\/vinselcep.com\/es\/el-claror-protagonista-por-partida-doble-en-el-cava-meeting\/#breadcrumb"},"inLanguage":"es","potentialAction":[{"@type":"ReadAction","target":["https:\/\/vinselcep.com\/es\/el-claror-protagonista-por-partida-doble-en-el-cava-meeting\/"]}]},{"@type":"ImageObject","inLanguage":"es","@id":"https:\/\/vinselcep.com\/es\/el-claror-protagonista-por-partida-doble-en-el-cava-meeting\/#primaryimage","url":"https:\/\/vinselcep.com\/wp-content\/uploads\/2025\/11\/bodego_cava_claror_can_prats_2015_horitzontal_mid_res_mid_res-scaled.jpg","contentUrl":"https:\/\/vinselcep.com\/wp-content\/uploads\/2025\/11\/bodego_cava_claror_can_prats_2015_horitzontal_mid_res_mid_res-scaled.jpg","width":2560,"height":1707},{"@type":"BreadcrumbList","@id":"https:\/\/vinselcep.com\/es\/el-claror-protagonista-por-partida-doble-en-el-cava-meeting\/#breadcrumb","itemListElement":[{"@type":"ListItem","position":1,"name":"Inici","item":"https:\/\/vinselcep.com\/es\/"},{"@type":"ListItem","position":2,"name":"El Claror, protagonista por partida doble en el Cava Meeting"}]},{"@type":"WebSite","@id":"https:\/\/vinselcep.com\/es\/#website","url":"https:\/\/vinselcep.com\/es\/","name":"Vins el Cep","description":"Viticultors des de 1448","publisher":{"@id":"https:\/\/vinselcep.com\/es\/#organization"},"potentialAction":[{"@type":"SearchAction","target":{"@type":"EntryPoint","urlTemplate":"https:\/\/vinselcep.com\/es\/?s={search_term_string}"},"query-input":{"@type":"PropertyValueSpecification","valueRequired":true,"valueName":"search_term_string"}}],"inLanguage":"es"},{"@type":"Organization","@id":"https:\/\/vinselcep.com\/es\/#organization","name":"Vins el Cep","url":"https:\/\/vinselcep.com\/es\/","logo":{"@type":"ImageObject","inLanguage":"es","@id":"https:\/\/vinselcep.com\/es\/#\/schema\/logo\/image\/","url":"https:\/\/vinselcep.com\/wp-content\/uploads\/2020\/11\/logo-vinselcep-positiu.png","contentUrl":"https:\/\/vinselcep.com\/wp-content\/uploads\/2020\/11\/logo-vinselcep-positiu.png","width":600,"height":379,"caption":"Vins el Cep"},"image":{"@id":"https:\/\/vinselcep.com\/es\/#\/schema\/logo\/image\/"},"sameAs":["https:\/\/ca-es.facebook.com\/VinselCep\/","https:\/\/x.com\/vinselcep","https:\/\/www.instagram.com\/vinselcep\/"]},{"@type":"Person","@id":"https:\/\/vinselcep.com\/es\/#\/schema\/person\/d2d585ec0045e0bec0c6b80d1128fe60","name":"vinselcep"}]}},"_links":{"self":[{"href":"https:\/\/vinselcep.com\/es\/wp-json\/wp\/v2\/posts\/37426","targetHints":{"allow":["GET"]}}],"collection":[{"href":"https:\/\/vinselcep.com\/es\/wp-json\/wp\/v2\/posts"}],"about":[{"href":"https:\/\/vinselcep.com\/es\/wp-json\/wp\/v2\/types\/post"}],"author":[{"embeddable":true,"href":"https:\/\/vinselcep.com\/es\/wp-json\/wp\/v2\/users\/2"}],"replies":[{"embeddable":true,"href":"https:\/\/vinselcep.com\/es\/wp-json\/wp\/v2\/comments?post=37426"}],"version-history":[{"count":0,"href":"https:\/\/vinselcep.com\/es\/wp-json\/wp\/v2\/posts\/37426\/revisions"}],"wp:featuredmedia":[{"embeddable":true,"href":"https:\/\/vinselcep.com\/es\/wp-json\/wp\/v2\/media\/37423"}],"wp:attachment":[{"href":"https:\/\/vinselcep.com\/es\/wp-json\/wp\/v2\/media?parent=37426"}],"wp:term":[{"taxonomy":"category","embeddable":true,"href":"https:\/\/vinselcep.com\/es\/wp-json\/wp\/v2\/categories?post=37426"},{"taxonomy":"post_tag","embeddable":true,"href":"https:\/\/vinselcep.com\/es\/wp-json\/wp\/v2\/tags?post=37426"}],"curies":[{"name":"wp","href":"https:\/\/api.w.org\/{rel}","templated":true}]}}