{"id":15975,"date":"2021-10-26T20:14:02","date_gmt":"2021-10-26T20:14:02","guid":{"rendered":"https:\/\/vinselcep.com\/?p=15975"},"modified":"2022-02-09T17:05:15","modified_gmt":"2022-02-09T17:05:15","slug":"vi-bullit","status":"publish","type":"post","link":"https:\/\/vinselcep.com\/es\/vi-bullit\/","title":{"rendered":"Vi Bullit"},"content":{"rendered":"\n<p>\u201cMi primer recuerdo del mundo de vino es el \u201cvi bullit\u201d de Can Prats.\u201d Maite Esteve<\/p>\n\n\n\n<p>El s\u00e1bado 11 de septiembre celebramos nuestra propia fiesta del \u201cvi bullit\u201d.<\/p>\n\n\n\n<p>Una tradici\u00f3n que hace un par de a\u00f1os decidimos recuperar y seguirla tal y como hac\u00edan nuestros antepasados.<\/p>\n\n\n\n<p>Este a\u00f1o, el viernes 10 de septiembre cosechamos xarel\u00b7lo biodin\u00e1mico del vi\u00f1edo Clot del Roure. Al d\u00eda siguiente, el s\u00e1bado por la ma\u00f1ana, muy temprano, hervimos el mosto de la uva para concentrar sus az\u00facares y hacer un vino dulce, que envejecer\u00e1 7 a\u00f1os en barrica.<\/p>\n\n\n\n<p>\u00bfPero, sab\u00e9is qu\u00e9 es exactamente el \u201cvi bullit\u201d?<\/p>\n\n\n\n<p>El vino hervido, o \u201cvimblanc\u201d es una forma de elaboraci\u00f3n de vino dulce muy antigua, cas\u00ed perdida &#8211; ahora en proceso de recuperaci\u00f3\u0144 &#8211; que se elaboraba en las mas\u00edas.<\/p>\n\n\n\n<p>As\u00ed, recuperando tradiciones familiares pasadas, las 4 familias de Vins El Cep, decidimos recuperar la tradici\u00f3n del \u201cvi bullit\u201d, que se hab\u00eda mantenido durante generaciones con calderas centenarias de nuestras mas\u00edas. 4 calderas, 1 por familia y mas\u00eda.<\/p>\n\n\n\n<p>Se trata de un vino que se elabora calentando el mosto de la uva para perder parte del agua, consiguiendo as\u00ed concentrar m\u00e1s los az\u00facares que por naturaleza se encuentran en la pulpa de la uva. En este momento clave se decide la cantidad de az\u00facar que estar\u00e1 presente en el vino, controlando el tiempo de ebullici\u00f3n para regular la evaporaci\u00f3\u0144 de agua.<\/p>\n\n\n\n<p>Una vez reducido el mosto casi en mitad del volumen, se deja enfriar y se a\u00f1ade mosto fresco hasta llenar el tonel, en la que, utilizando el m\u00e9todo ancestral de envejecimiento sobre solera, empieza la fermentaci\u00f3n que se parar\u00e1 de forma natural y que dejar\u00e1 el vino dulce empezando el envejecimiento.<\/p>\n\n\n\n<p>El vino envejecer\u00e1 en barrica durante 7 a\u00f1os.<\/p>\n\n\n\n<p>\u00a1Seguiremos elaborando vino hervido en nuestras mas\u00edas y manteniendo viva esta tradici\u00f3n!<\/p>\n\n\n\n<div class=\"wp-block-group\"><div class=\"wp-block-group__inner-container is-layout-flow wp-block-group-is-layout-flow\">\n<div class=\"wp-block-columns is-layout-flex wp-container-core-columns-is-layout-9d6595d7 wp-block-columns-is-layout-flex\">\n<div class=\"wp-block-column is-layout-flow wp-block-column-is-layout-flow\" style=\"flex-basis:100%\">\n<figure class=\"wp-block-gallery columns-3 is-cropped\">\n<ul class=\"blocks-gallery-grid\">\n<li class=\"blocks-gallery-item\">\n<figure><img fetchpriority=\"high\" decoding=\"async\" width=\"768\" height=\"1024\" src=\"https:\/\/vinselcep.com\/wp-content\/uploads\/2021\/10\/c72dd6f5-dd1c-4af4-a400-b9dec75e80e0-1.jpg\" alt=\"\" data-id=\"16024\" data-link=\"https:\/\/vinselcep.com\/?attachment_id=16024\" class=\"wp-image-16025\" srcset=\"https:\/\/vinselcep.com\/wp-content\/uploads\/2021\/10\/c72dd6f5-dd1c-4af4-a400-b9dec75e80e0-1.jpg 768w, https:\/\/vinselcep.com\/wp-content\/uploads\/2021\/10\/c72dd6f5-dd1c-4af4-a400-b9dec75e80e0-1-600x800.jpg 600w, https:\/\/vinselcep.com\/wp-content\/uploads\/2021\/10\/c72dd6f5-dd1c-4af4-a400-b9dec75e80e0-1-225x300.jpg 225w\" sizes=\"(max-width: 768px) 100vw, 768px\" \/><\/figure>\n<\/li>\n<li class=\"blocks-gallery-item\">\n<figure><img decoding=\"async\" width=\"768\" height=\"1024\" src=\"https:\/\/vinselcep.com\/wp-content\/uploads\/2021\/10\/649972de-9cfe-4927-a0cd-ad2a4c78dd64.jpg\" alt=\"\" data-id=\"16027\" data-link=\"https:\/\/vinselcep.com\/?attachment_id=16027\" class=\"wp-image-16028\" srcset=\"https:\/\/vinselcep.com\/wp-content\/uploads\/2021\/10\/649972de-9cfe-4927-a0cd-ad2a4c78dd64.jpg 768w, https:\/\/vinselcep.com\/wp-content\/uploads\/2021\/10\/649972de-9cfe-4927-a0cd-ad2a4c78dd64-600x800.jpg 600w, https:\/\/vinselcep.com\/wp-content\/uploads\/2021\/10\/649972de-9cfe-4927-a0cd-ad2a4c78dd64-225x300.jpg 225w\" sizes=\"(max-width: 768px) 100vw, 768px\" \/><\/figure>\n<\/li>\n<li class=\"blocks-gallery-item\">\n<figure><img decoding=\"async\" width=\"768\" height=\"1024\" src=\"https:\/\/vinselcep.com\/wp-content\/uploads\/2021\/10\/IMG_7059.jpg\" alt=\"\" data-id=\"16030\" data-link=\"https:\/\/vinselcep.com\/?attachment_id=16030\" class=\"wp-image-16031\" srcset=\"https:\/\/vinselcep.com\/wp-content\/uploads\/2021\/10\/IMG_7059.jpg 768w, https:\/\/vinselcep.com\/wp-content\/uploads\/2021\/10\/IMG_7059-600x800.jpg 600w, https:\/\/vinselcep.com\/wp-content\/uploads\/2021\/10\/IMG_7059-225x300.jpg 225w\" sizes=\"(max-width: 768px) 100vw, 768px\" \/><\/figure>\n<\/li>\n<\/ul>\n<\/figure>\n<\/div>\n<\/div>\n\n\n\n<div class=\"wp-block-columns is-layout-flex wp-container-core-columns-is-layout-9d6595d7 wp-block-columns-is-layout-flex\">\n<div class=\"wp-block-column is-layout-flow wp-block-column-is-layout-flow\" style=\"flex-basis:100%\">\n<figure class=\"wp-block-gallery columns-2 is-cropped wp-block-gallery-1 is-layout-flex wp-block-gallery-is-layout-flex\"><ul class=\"blocks-gallery-grid\"><li class=\"blocks-gallery-item\"><figure><img loading=\"lazy\" decoding=\"async\" width=\"768\" height=\"1024\" src=\"https:\/\/vinselcep.com\/wp-content\/uploads\/2021\/10\/5e0dd40a-d712-40fc-9192-44e19347d455-1.jpg\" alt=\"\" data-id=\"16038\" data-full-url=\"https:\/\/vinselcep.com\/wp-content\/uploads\/2021\/10\/5e0dd40a-d712-40fc-9192-44e19347d455-1.jpg\" data-link=\"https:\/\/vinselcep.com\/?attachment_id=16038\" class=\"wp-image-16039\" srcset=\"https:\/\/vinselcep.com\/wp-content\/uploads\/2021\/10\/5e0dd40a-d712-40fc-9192-44e19347d455-1.jpg 768w, https:\/\/vinselcep.com\/wp-content\/uploads\/2021\/10\/5e0dd40a-d712-40fc-9192-44e19347d455-1-600x800.jpg 600w, https:\/\/vinselcep.com\/wp-content\/uploads\/2021\/10\/5e0dd40a-d712-40fc-9192-44e19347d455-1-225x300.jpg 225w\" sizes=\"(max-width: 768px) 100vw, 768px\" \/><\/figure><\/li><li class=\"blocks-gallery-item\"><figure><img loading=\"lazy\" decoding=\"async\" width=\"1024\" height=\"768\" src=\"https:\/\/vinselcep.com\/wp-content\/uploads\/2021\/10\/0a7680d9-11a4-4d17-8d87-fa4a78d3df46.jpg\" alt=\"\" data-id=\"16041\" data-full-url=\"https:\/\/vinselcep.com\/wp-content\/uploads\/2021\/10\/0a7680d9-11a4-4d17-8d87-fa4a78d3df46.jpg\" data-link=\"https:\/\/vinselcep.com\/?attachment_id=16041\" class=\"wp-image-16042\" srcset=\"https:\/\/vinselcep.com\/wp-content\/uploads\/2021\/10\/0a7680d9-11a4-4d17-8d87-fa4a78d3df46.jpg 1024w, https:\/\/vinselcep.com\/wp-content\/uploads\/2021\/10\/0a7680d9-11a4-4d17-8d87-fa4a78d3df46-800x600.jpg 800w, https:\/\/vinselcep.com\/wp-content\/uploads\/2021\/10\/0a7680d9-11a4-4d17-8d87-fa4a78d3df46-300x225.jpg 300w, https:\/\/vinselcep.com\/wp-content\/uploads\/2021\/10\/0a7680d9-11a4-4d17-8d87-fa4a78d3df46-768x576.jpg 768w, https:\/\/vinselcep.com\/wp-content\/uploads\/2021\/10\/0a7680d9-11a4-4d17-8d87-fa4a78d3df46-600x450.jpg 600w\" sizes=\"(max-width: 1024px) 100vw, 1024px\" \/><\/figure><\/li><\/ul><\/figure>\n<\/div>\n<\/div>\n<\/div><\/div>\n\n\n\n<p><\/p>\n","protected":false},"excerpt":{"rendered":"<p>\u201cMi primer recuerdo del mundo de vino es el \u201cvi bullit\u201d de Can Prats.\u201d Maite Esteve<br \/>\nEl s\u00e1bado 11 de septiembre celebramos nuestra propia fiesta del \u201cvi bullit\u201d.<br \/>\nUna tradici\u00f3n que hace un par de a\u00f1os decidimos recuperar y seguirla tal y como hac\u00edan nuestros antepasados. <\/p>\n","protected":false},"author":1,"featured_media":16020,"comment_status":"closed","ping_status":"closed","sticky":false,"template":"","format":"standard","meta":{"ngg_post_thumbnail":0,"footnotes":""},"categories":[123,153,154,119],"tags":[328,329,135,160,117,127,337,330],"class_list":["post-15975","post","type-post","status-publish","format-standard","has-post-thumbnail","hentry","category-verema","category-vins-es","category-viticultura-es","category-viticultura","tag-harvest","tag-vendimia","tag-verema","tag-vinselcep-es","tag-vinselcep","tag-viticultors","tag-viticultors-es","tag-winegrower"],"yoast_head":"<!-- This site is optimized with the Yoast SEO Premium plugin v26.9 (Yoast SEO v26.9) - https:\/\/yoast.com\/product\/yoast-seo-premium-wordpress\/ -->\n<title>Vi Bullit | Vins el Cep<\/title>\n<meta name=\"description\" content=\"La principal autoritat mundial del vi, Wine Spectator, ha situat Vins El Cep Gelida Brut Gran Reserva 2015 entre els millors 100 vins del m\u00f3n.De fet, Gelida Brut Gran Reserva 2015 \u00e9s l\u2019\u00fanic vi catal\u00e0 que apareix en aquesta llista.\u00a0\" \/>\n<meta name=\"robots\" content=\"index, follow, max-snippet:-1, max-image-preview:large, max-video-preview:-1\" \/>\n<link rel=\"canonical\" href=\"https:\/\/vinselcep.com\/es\/vi-bullit\/\" \/>\n<meta property=\"og:locale\" content=\"es_ES\" \/>\n<meta property=\"og:type\" content=\"article\" \/>\n<meta property=\"og:title\" content=\"Vi Bullit\" \/>\n<meta property=\"og:description\" content=\"La principal autoritat mundial del vi, Wine Spectator, ha situat Vins El Cep Gelida Brut Gran Reserva 2015 entre els millors 100 vins del m\u00f3n.De fet, Gelida Brut Gran Reserva 2015 \u00e9s l\u2019\u00fanic vi catal\u00e0 que apareix en aquesta llista.\u00a0\" \/>\n<meta property=\"og:url\" content=\"https:\/\/vinselcep.com\/es\/vi-bullit\/\" \/>\n<meta property=\"og:site_name\" content=\"Vins el Cep\" \/>\n<meta property=\"article:publisher\" content=\"https:\/\/ca-es.facebook.com\/VinselCep\/\" \/>\n<meta property=\"article:published_time\" content=\"2021-10-26T20:14:02+00:00\" \/>\n<meta property=\"article:modified_time\" content=\"2022-02-09T17:05:15+00:00\" \/>\n<meta property=\"og:image\" content=\"https:\/\/vinselcep.com\/wp-content\/uploads\/2021\/10\/3bd39340-e18f-4a68-abcd-ac0ff4aab744.jpg\" \/>\n\t<meta property=\"og:image:width\" content=\"1024\" \/>\n\t<meta property=\"og:image:height\" content=\"673\" \/>\n\t<meta property=\"og:image:type\" content=\"image\/jpeg\" \/>\n<meta name=\"author\" content=\"admin\" \/>\n<meta name=\"twitter:card\" content=\"summary_large_image\" \/>\n<meta name=\"twitter:title\" content=\"Vins el Cep Gelida Brut Gran Reserva Top 100 Wines Wine Spectator\" \/>\n<meta name=\"twitter:image\" content=\"https:\/\/vinselcep.com\/wp-content\/uploads\/2020\/12\/vins-el-cep-gelida-top-100-wine-spectator.jpg\" \/>\n<meta name=\"twitter:creator\" content=\"@vinselcep\" \/>\n<meta name=\"twitter:site\" content=\"@vinselcep\" \/>\n<meta name=\"twitter:label1\" content=\"Escrito por\" \/>\n\t<meta name=\"twitter:data1\" content=\"admin\" \/>\n\t<meta name=\"twitter:label2\" content=\"Tiempo de lectura\" \/>\n\t<meta name=\"twitter:data2\" content=\"2 minutos\" \/>\n<script type=\"application\/ld+json\" class=\"yoast-schema-graph\">{\"@context\":\"https:\/\/schema.org\",\"@graph\":[{\"@type\":\"Article\",\"@id\":\"https:\/\/vinselcep.com\/es\/vi-bullit\/#article\",\"isPartOf\":{\"@id\":\"https:\/\/vinselcep.com\/es\/vi-bullit\/\"},\"author\":{\"name\":\"admin\",\"@id\":\"https:\/\/vinselcep.com\/es\/#\/schema\/person\/c61838e3d9d3dc97785dab52e5d51118\"},\"headline\":\"Vi Bullit\",\"datePublished\":\"2021-10-26T20:14:02+00:00\",\"dateModified\":\"2022-02-09T17:05:15+00:00\",\"mainEntityOfPage\":{\"@id\":\"https:\/\/vinselcep.com\/es\/vi-bullit\/\"},\"wordCount\":327,\"publisher\":{\"@id\":\"https:\/\/vinselcep.com\/es\/#organization\"},\"image\":{\"@id\":\"https:\/\/vinselcep.com\/es\/vi-bullit\/#primaryimage\"},\"thumbnailUrl\":\"https:\/\/vinselcep.com\/wp-content\/uploads\/2021\/10\/3bd39340-e18f-4a68-abcd-ac0ff4aab744.jpg\",\"keywords\":[\"harvest\",\"vendimia\",\"verema\",\"vinselcep\",\"vinselcep\",\"viticultors\",\"viticultors\",\"winegrower\"],\"articleSection\":[\"Verema\",\"Vinos\",\"Viticultura\",\"Viticultura\"],\"inLanguage\":\"es\",\"copyrightYear\":\"2021\",\"copyrightHolder\":{\"@id\":\"https:\/\/vinselcep.com\/#organization\"}},{\"@type\":\"WebPage\",\"@id\":\"https:\/\/vinselcep.com\/es\/vi-bullit\/\",\"url\":\"https:\/\/vinselcep.com\/es\/vi-bullit\/\",\"name\":\"Vi Bullit | Vins el Cep\",\"isPartOf\":{\"@id\":\"https:\/\/vinselcep.com\/es\/#website\"},\"primaryImageOfPage\":{\"@id\":\"https:\/\/vinselcep.com\/es\/vi-bullit\/#primaryimage\"},\"image\":{\"@id\":\"https:\/\/vinselcep.com\/es\/vi-bullit\/#primaryimage\"},\"thumbnailUrl\":\"https:\/\/vinselcep.com\/wp-content\/uploads\/2021\/10\/3bd39340-e18f-4a68-abcd-ac0ff4aab744.jpg\",\"datePublished\":\"2021-10-26T20:14:02+00:00\",\"dateModified\":\"2022-02-09T17:05:15+00:00\",\"description\":\"La principal autoritat mundial del vi, Wine Spectator, ha situat Vins El Cep Gelida Brut Gran Reserva 2015 entre els millors 100 vins del m\u00f3n.De fet, Gelida Brut Gran Reserva 2015 \u00e9s l\u2019\u00fanic vi catal\u00e0 que apareix en aquesta llista.\u00a0\",\"breadcrumb\":{\"@id\":\"https:\/\/vinselcep.com\/es\/vi-bullit\/#breadcrumb\"},\"inLanguage\":\"es\",\"potentialAction\":[{\"@type\":\"ReadAction\",\"target\":[\"https:\/\/vinselcep.com\/es\/vi-bullit\/\"]}]},{\"@type\":\"ImageObject\",\"inLanguage\":\"es\",\"@id\":\"https:\/\/vinselcep.com\/es\/vi-bullit\/#primaryimage\",\"url\":\"https:\/\/vinselcep.com\/wp-content\/uploads\/2021\/10\/3bd39340-e18f-4a68-abcd-ac0ff4aab744.jpg\",\"contentUrl\":\"https:\/\/vinselcep.com\/wp-content\/uploads\/2021\/10\/3bd39340-e18f-4a68-abcd-ac0ff4aab744.jpg\",\"width\":1024,\"height\":673},{\"@type\":\"BreadcrumbList\",\"@id\":\"https:\/\/vinselcep.com\/es\/vi-bullit\/#breadcrumb\",\"itemListElement\":[{\"@type\":\"ListItem\",\"position\":1,\"name\":\"Inici\",\"item\":\"https:\/\/vinselcep.com\/es\/\"},{\"@type\":\"ListItem\",\"position\":2,\"name\":\"Vi Bullit\"}]},{\"@type\":\"WebSite\",\"@id\":\"https:\/\/vinselcep.com\/es\/#website\",\"url\":\"https:\/\/vinselcep.com\/es\/\",\"name\":\"Vins el Cep\",\"description\":\"Viticultors des de 1448\",\"publisher\":{\"@id\":\"https:\/\/vinselcep.com\/es\/#organization\"},\"potentialAction\":[{\"@type\":\"SearchAction\",\"target\":{\"@type\":\"EntryPoint\",\"urlTemplate\":\"https:\/\/vinselcep.com\/es\/?s={search_term_string}\"},\"query-input\":{\"@type\":\"PropertyValueSpecification\",\"valueRequired\":true,\"valueName\":\"search_term_string\"}}],\"inLanguage\":\"es\"},{\"@type\":\"Organization\",\"@id\":\"https:\/\/vinselcep.com\/es\/#organization\",\"name\":\"Vins el Cep\",\"url\":\"https:\/\/vinselcep.com\/es\/\",\"logo\":{\"@type\":\"ImageObject\",\"inLanguage\":\"es\",\"@id\":\"https:\/\/vinselcep.com\/es\/#\/schema\/logo\/image\/\",\"url\":\"https:\/\/vinselcep.com\/wp-content\/uploads\/2020\/11\/logo-vinselcep-positiu.png\",\"contentUrl\":\"https:\/\/vinselcep.com\/wp-content\/uploads\/2020\/11\/logo-vinselcep-positiu.png\",\"width\":600,\"height\":379,\"caption\":\"Vins el Cep\"},\"image\":{\"@id\":\"https:\/\/vinselcep.com\/es\/#\/schema\/logo\/image\/\"},\"sameAs\":[\"https:\/\/ca-es.facebook.com\/VinselCep\/\",\"https:\/\/x.com\/vinselcep\",\"https:\/\/www.instagram.com\/vinselcep\/\"]},{\"@type\":\"Person\",\"@id\":\"https:\/\/vinselcep.com\/es\/#\/schema\/person\/c61838e3d9d3dc97785dab52e5d51118\",\"name\":\"admin\",\"sameAs\":[\"https:\/\/vinselcep.com\"]}]}<\/script>\n<!-- \/ Yoast SEO Premium plugin. -->","yoast_head_json":{"title":"Vi Bullit | Vins el Cep","description":"La principal autoritat mundial del vi, Wine Spectator, ha situat Vins El Cep Gelida Brut Gran Reserva 2015 entre els millors 100 vins del m\u00f3n.De fet, Gelida Brut Gran Reserva 2015 \u00e9s l\u2019\u00fanic vi catal\u00e0 que apareix en aquesta llista.\u00a0","robots":{"index":"index","follow":"follow","max-snippet":"max-snippet:-1","max-image-preview":"max-image-preview:large","max-video-preview":"max-video-preview:-1"},"canonical":"https:\/\/vinselcep.com\/es\/vi-bullit\/","og_locale":"es_ES","og_type":"article","og_title":"Vi Bullit","og_description":"La principal autoritat mundial del vi, Wine Spectator, ha situat Vins El Cep Gelida Brut Gran Reserva 2015 entre els millors 100 vins del m\u00f3n.De fet, Gelida Brut Gran Reserva 2015 \u00e9s l\u2019\u00fanic vi catal\u00e0 que apareix en aquesta llista.\u00a0","og_url":"https:\/\/vinselcep.com\/es\/vi-bullit\/","og_site_name":"Vins el Cep","article_publisher":"https:\/\/ca-es.facebook.com\/VinselCep\/","article_published_time":"2021-10-26T20:14:02+00:00","article_modified_time":"2022-02-09T17:05:15+00:00","og_image":[{"width":1024,"height":673,"url":"https:\/\/vinselcep.com\/wp-content\/uploads\/2021\/10\/3bd39340-e18f-4a68-abcd-ac0ff4aab744.jpg","type":"image\/jpeg"}],"author":"admin","twitter_card":"summary_large_image","twitter_title":"Vins el Cep Gelida Brut Gran Reserva Top 100 Wines Wine Spectator","twitter_image":"https:\/\/vinselcep.com\/wp-content\/uploads\/2020\/12\/vins-el-cep-gelida-top-100-wine-spectator.jpg","twitter_creator":"@vinselcep","twitter_site":"@vinselcep","twitter_misc":{"Escrito por":"admin","Tiempo de lectura":"2 minutos"},"schema":{"@context":"https:\/\/schema.org","@graph":[{"@type":"Article","@id":"https:\/\/vinselcep.com\/es\/vi-bullit\/#article","isPartOf":{"@id":"https:\/\/vinselcep.com\/es\/vi-bullit\/"},"author":{"name":"admin","@id":"https:\/\/vinselcep.com\/es\/#\/schema\/person\/c61838e3d9d3dc97785dab52e5d51118"},"headline":"Vi Bullit","datePublished":"2021-10-26T20:14:02+00:00","dateModified":"2022-02-09T17:05:15+00:00","mainEntityOfPage":{"@id":"https:\/\/vinselcep.com\/es\/vi-bullit\/"},"wordCount":327,"publisher":{"@id":"https:\/\/vinselcep.com\/es\/#organization"},"image":{"@id":"https:\/\/vinselcep.com\/es\/vi-bullit\/#primaryimage"},"thumbnailUrl":"https:\/\/vinselcep.com\/wp-content\/uploads\/2021\/10\/3bd39340-e18f-4a68-abcd-ac0ff4aab744.jpg","keywords":["harvest","vendimia","verema","vinselcep","vinselcep","viticultors","viticultors","winegrower"],"articleSection":["Verema","Vinos","Viticultura","Viticultura"],"inLanguage":"es","copyrightYear":"2021","copyrightHolder":{"@id":"https:\/\/vinselcep.com\/#organization"}},{"@type":"WebPage","@id":"https:\/\/vinselcep.com\/es\/vi-bullit\/","url":"https:\/\/vinselcep.com\/es\/vi-bullit\/","name":"Vi Bullit | Vins el Cep","isPartOf":{"@id":"https:\/\/vinselcep.com\/es\/#website"},"primaryImageOfPage":{"@id":"https:\/\/vinselcep.com\/es\/vi-bullit\/#primaryimage"},"image":{"@id":"https:\/\/vinselcep.com\/es\/vi-bullit\/#primaryimage"},"thumbnailUrl":"https:\/\/vinselcep.com\/wp-content\/uploads\/2021\/10\/3bd39340-e18f-4a68-abcd-ac0ff4aab744.jpg","datePublished":"2021-10-26T20:14:02+00:00","dateModified":"2022-02-09T17:05:15+00:00","description":"La principal autoritat mundial del vi, Wine Spectator, ha situat Vins El Cep Gelida Brut Gran Reserva 2015 entre els millors 100 vins del m\u00f3n.De fet, Gelida Brut Gran Reserva 2015 \u00e9s l\u2019\u00fanic vi catal\u00e0 que apareix en aquesta llista.\u00a0","breadcrumb":{"@id":"https:\/\/vinselcep.com\/es\/vi-bullit\/#breadcrumb"},"inLanguage":"es","potentialAction":[{"@type":"ReadAction","target":["https:\/\/vinselcep.com\/es\/vi-bullit\/"]}]},{"@type":"ImageObject","inLanguage":"es","@id":"https:\/\/vinselcep.com\/es\/vi-bullit\/#primaryimage","url":"https:\/\/vinselcep.com\/wp-content\/uploads\/2021\/10\/3bd39340-e18f-4a68-abcd-ac0ff4aab744.jpg","contentUrl":"https:\/\/vinselcep.com\/wp-content\/uploads\/2021\/10\/3bd39340-e18f-4a68-abcd-ac0ff4aab744.jpg","width":1024,"height":673},{"@type":"BreadcrumbList","@id":"https:\/\/vinselcep.com\/es\/vi-bullit\/#breadcrumb","itemListElement":[{"@type":"ListItem","position":1,"name":"Inici","item":"https:\/\/vinselcep.com\/es\/"},{"@type":"ListItem","position":2,"name":"Vi Bullit"}]},{"@type":"WebSite","@id":"https:\/\/vinselcep.com\/es\/#website","url":"https:\/\/vinselcep.com\/es\/","name":"Vins el Cep","description":"Viticultors des de 1448","publisher":{"@id":"https:\/\/vinselcep.com\/es\/#organization"},"potentialAction":[{"@type":"SearchAction","target":{"@type":"EntryPoint","urlTemplate":"https:\/\/vinselcep.com\/es\/?s={search_term_string}"},"query-input":{"@type":"PropertyValueSpecification","valueRequired":true,"valueName":"search_term_string"}}],"inLanguage":"es"},{"@type":"Organization","@id":"https:\/\/vinselcep.com\/es\/#organization","name":"Vins el Cep","url":"https:\/\/vinselcep.com\/es\/","logo":{"@type":"ImageObject","inLanguage":"es","@id":"https:\/\/vinselcep.com\/es\/#\/schema\/logo\/image\/","url":"https:\/\/vinselcep.com\/wp-content\/uploads\/2020\/11\/logo-vinselcep-positiu.png","contentUrl":"https:\/\/vinselcep.com\/wp-content\/uploads\/2020\/11\/logo-vinselcep-positiu.png","width":600,"height":379,"caption":"Vins el Cep"},"image":{"@id":"https:\/\/vinselcep.com\/es\/#\/schema\/logo\/image\/"},"sameAs":["https:\/\/ca-es.facebook.com\/VinselCep\/","https:\/\/x.com\/vinselcep","https:\/\/www.instagram.com\/vinselcep\/"]},{"@type":"Person","@id":"https:\/\/vinselcep.com\/es\/#\/schema\/person\/c61838e3d9d3dc97785dab52e5d51118","name":"admin","sameAs":["https:\/\/vinselcep.com"]}]}},"_links":{"self":[{"href":"https:\/\/vinselcep.com\/es\/wp-json\/wp\/v2\/posts\/15975","targetHints":{"allow":["GET"]}}],"collection":[{"href":"https:\/\/vinselcep.com\/es\/wp-json\/wp\/v2\/posts"}],"about":[{"href":"https:\/\/vinselcep.com\/es\/wp-json\/wp\/v2\/types\/post"}],"author":[{"embeddable":true,"href":"https:\/\/vinselcep.com\/es\/wp-json\/wp\/v2\/users\/1"}],"replies":[{"embeddable":true,"href":"https:\/\/vinselcep.com\/es\/wp-json\/wp\/v2\/comments?post=15975"}],"version-history":[{"count":0,"href":"https:\/\/vinselcep.com\/es\/wp-json\/wp\/v2\/posts\/15975\/revisions"}],"wp:featuredmedia":[{"embeddable":true,"href":"https:\/\/vinselcep.com\/es\/wp-json\/wp\/v2\/media\/16020"}],"wp:attachment":[{"href":"https:\/\/vinselcep.com\/es\/wp-json\/wp\/v2\/media?parent=15975"}],"wp:term":[{"taxonomy":"category","embeddable":true,"href":"https:\/\/vinselcep.com\/es\/wp-json\/wp\/v2\/categories?post=15975"},{"taxonomy":"post_tag","embeddable":true,"href":"https:\/\/vinselcep.com\/es\/wp-json\/wp\/v2\/tags?post=15975"}],"curies":[{"name":"wp","href":"https:\/\/api.w.org\/{rel}","templated":true}]}}