{"id":12662,"date":"2020-12-02T08:22:31","date_gmt":"2020-12-02T08:22:31","guid":{"rendered":"https:\/\/vinselcep.com\/barcelona-wine-week\/"},"modified":"2021-01-15T13:37:20","modified_gmt":"2021-01-15T13:37:20","slug":"barcelona-wine-week","status":"publish","type":"post","link":"https:\/\/vinselcep.com\/es\/barcelona-wine-week\/","title":{"rendered":"Barcelona Wine Week"},"content":{"rendered":"\n<p><a href=\"https:\/\/www.barcelonawineweek.com\/ca\/\" target=\"_blank\" rel=\"noreferrer noopener\">Barcelona Wine Week (BWW)<\/a>, impulsado por Feria Barcelona a trav\u00e9s de Alimentaria Exhibitions, con el apoyo de la Federaci\u00f3n Espa\u00f1ola del Vino (FEV), ICEX, INCAVI y otras instituciones, se ha celebrado por primera vez en el recinto de Montjuic de Feria Barcelona del 3 al 5 de febrero del a\u00f1o 2020.<\/p>\n\n\n\n<p>M\u00e1s de 15.600 profesionales (un 13,6% procedentes de 54 pa\u00edses); m\u00e1s de medio centenar de expertos de primer nivel, con catas y ponencias como el editor ejecutivo de Wine Spectator, Thomas Matthews, los sumilleres Fran\u00e7ois Chartier, Ferran Centelles y David Seijas, el Master of Wine Pedro Ballesteros, entre otros muchos.<\/p>\n\n\n\n<p><a href=\"https:\/\/vinselcep.com\/es\/\" target=\"_blank\" rel=\"noreferrer noopener\">Vins el Cep<\/a> no pod\u00eda faltar a esta cita en el calendario. Estuvimos en el estand de la Asociaci\u00f3n <strong>\u201c<a href=\"http:\/\/www.vinyacellermasia.net\/\" target=\"_blank\" rel=\"noreferrer noopener\">Vinya Celler Masia<\/a>\u201d<\/strong>. \u201cVinya Celler Masia\u201d es una marca colectiva que ampara los vinos producidos por payeses a partir de vi\u00f1edos propios y en bodega propia, y que se comercializan con marca propia dentro del \u00e1mbito ling\u00fc\u00edstico catal\u00e1n, con el objetivo de dignificar el valor del pay\u00e9s elaborador.<\/p>\n\n\n\n<p>En el transcurso de los tres d\u00edas pasaron muchas personas por nuestro estand, distribuidores internacionales actuales de Vins el Cep, nuevos posibles distribuidores, clientes y amigos, que nos apoyaron y degustaron nuestros productos.<\/p>\n\n\n\n<p>La organizaci\u00f3n del Sal\u00f3n, tambi\u00e9n apost\u00f3 por la racionalizaci\u00f3n de la muestra con una apuesta por la comunicaci\u00f3n visual y el dise\u00f1o, la sostenibilidad y el respecto del territorio. Tambi\u00e9n por la claridad en los recorridos agrupando las bodegas por DO, bajo grandes carteles ordenando la presencia de grandes y de peque\u00f1as bodegas y dando protagonismo a una nueva y democr\u00e1tica forma de ubicar en todo tipo de vinos, en igualdad de condiciones.<\/p>\n\n\n\n<p>Tambi\u00e9n se apost\u00f3 por la sostenibilidad con un uso racional de los recursos y el compromiso de reciclar la mayor parte del mobiliario (de madera) utilizado para la pr\u00f3xima edici\u00f3n. Se colabor\u00f3 con Ecovidrio -que recogi\u00f3 m\u00e1s de 18.000 botellas- para fomentar su reciclaje y se reducieron visiblemente los pl\u00e1sticos desechables.<\/p>\n","protected":false},"excerpt":{"rendered":"<p><!-- wp:paragraph --><\/p>\n<p>Barcelona Wine Week (BWW), impulsado por Feria Barcelona a trav\u00e9s de Alimentaria Exhibitions, con el apoyo de la Federaci\u00f3n Espa\u00f1ola del Vino (FEV), ICEX, INCAVI y otras instituciones, se ha celebrado por primera vez en el recinto de Montjuic de Feria Barcelona del 3 al 5 de febrero del a\u00f1o 2020.<\/p>\n<p><!-- \/wp:paragraph --><\/p>\n<p><!-- wp:paragraph --><\/p>\n<p>M\u00e1s de 15.600 profesionales (un 13,6% procedentes de 54 pa\u00edses); m\u00e1s de medio centenar de expertos de primer nivel, con catas y ponencias como el editor ejecutivo de Wine Spectator, Thomas Matthews, los sumilleres Fran\u00e7ois Chartier, Ferran Centelles y David Seijas, el Master of Wine Pedro Ballesteros, entre otros muchos.<\/p>\n<p><!-- \/wp:paragraph --><\/p>\n","protected":false},"author":2,"featured_media":12335,"comment_status":"closed","ping_status":"closed","sticky":false,"template":"","format":"standard","meta":{"ngg_post_thumbnail":0,"footnotes":""},"categories":[152,180,153],"tags":[181,156,157,171,160],"class_list":["post-12662","post","type-post","status-publish","format-standard","has-post-thumbnail","hentry","category-cavas-es","category-ferias-es","category-vins-es","tag-barcelonawineweek-es","tag-cava-es","tag-cavaparatge-es","tag-docava-es","tag-vinselcep-es"],"yoast_head":"<!-- This site is optimized with the Yoast SEO Premium plugin v26.9 (Yoast SEO v26.9) - https:\/\/yoast.com\/product\/yoast-seo-premium-wordpress\/ -->\n<title>Barcelona Wine Week | Vins el Cep<\/title>\n<meta name=\"description\" content=\"\u201cVinya Celler Masia\u201d es una marca colectiva que ampara los vinos producidos por payeses a partir de vi\u00f1edos propios y en bodega propia.\" \/>\n<meta name=\"robots\" content=\"index, follow, max-snippet:-1, max-image-preview:large, max-video-preview:-1\" \/>\n<link rel=\"canonical\" href=\"https:\/\/vinselcep.com\/es\/barcelona-wine-week\/\" \/>\n<meta property=\"og:locale\" content=\"es_ES\" \/>\n<meta property=\"og:type\" content=\"article\" \/>\n<meta property=\"og:title\" content=\"Barcelona Wine Week\" \/>\n<meta property=\"og:description\" content=\"\u201cVinya Celler Masia\u201d es una marca colectiva que ampara los vinos producidos por payeses a partir de vi\u00f1edos propios y en bodega propia.\" \/>\n<meta property=\"og:url\" content=\"https:\/\/vinselcep.com\/es\/barcelona-wine-week\/\" \/>\n<meta property=\"og:site_name\" content=\"Vins el Cep\" \/>\n<meta property=\"article:publisher\" content=\"https:\/\/ca-es.facebook.com\/VinselCep\/\" \/>\n<meta property=\"article:published_time\" content=\"2020-12-02T08:22:31+00:00\" \/>\n<meta property=\"article:modified_time\" content=\"2021-01-15T13:37:20+00:00\" \/>\n<meta property=\"og:image\" content=\"https:\/\/vinselcep.com\/wp-content\/uploads\/2020\/12\/vins-el-cep-barcelona-wine-week.jpg\" \/>\n\t<meta property=\"og:image:width\" content=\"1300\" \/>\n\t<meta property=\"og:image:height\" content=\"941\" \/>\n\t<meta property=\"og:image:type\" content=\"image\/jpeg\" \/>\n<meta name=\"author\" content=\"vinselcep\" \/>\n<meta name=\"twitter:card\" content=\"summary_large_image\" \/>\n<meta name=\"twitter:creator\" content=\"@vinselcep\" \/>\n<meta name=\"twitter:site\" content=\"@vinselcep\" \/>\n<meta name=\"twitter:label1\" content=\"Escrito por\" \/>\n\t<meta name=\"twitter:data1\" content=\"vinselcep\" \/>\n\t<meta name=\"twitter:label2\" content=\"Tiempo de lectura\" \/>\n\t<meta name=\"twitter:data2\" content=\"2 minutos\" \/>\n<script type=\"application\/ld+json\" class=\"yoast-schema-graph\">{\"@context\":\"https:\/\/schema.org\",\"@graph\":[{\"@type\":\"Article\",\"@id\":\"https:\/\/vinselcep.com\/es\/barcelona-wine-week\/#article\",\"isPartOf\":{\"@id\":\"https:\/\/vinselcep.com\/es\/barcelona-wine-week\/\"},\"author\":{\"name\":\"vinselcep\",\"@id\":\"https:\/\/vinselcep.com\/es\/#\/schema\/person\/d2d585ec0045e0bec0c6b80d1128fe60\"},\"headline\":\"Barcelona Wine Week\",\"datePublished\":\"2020-12-02T08:22:31+00:00\",\"dateModified\":\"2021-01-15T13:37:20+00:00\",\"mainEntityOfPage\":{\"@id\":\"https:\/\/vinselcep.com\/es\/barcelona-wine-week\/\"},\"wordCount\":350,\"publisher\":{\"@id\":\"https:\/\/vinselcep.com\/es\/#organization\"},\"image\":{\"@id\":\"https:\/\/vinselcep.com\/es\/barcelona-wine-week\/#primaryimage\"},\"thumbnailUrl\":\"https:\/\/vinselcep.com\/wp-content\/uploads\/2020\/12\/vins-el-cep-barcelona-wine-week.jpg\",\"keywords\":[\"barcelonawineweek\",\"cava\",\"cavaparatge\",\"docava\",\"vinselcep\"],\"articleSection\":[\"Cavas\",\"Ferias\",\"Vinos\"],\"inLanguage\":\"es\",\"copyrightYear\":\"2020\",\"copyrightHolder\":{\"@id\":\"https:\/\/vinselcep.com\/#organization\"}},{\"@type\":\"WebPage\",\"@id\":\"https:\/\/vinselcep.com\/es\/barcelona-wine-week\/\",\"url\":\"https:\/\/vinselcep.com\/es\/barcelona-wine-week\/\",\"name\":\"Barcelona Wine Week | Vins el Cep\",\"isPartOf\":{\"@id\":\"https:\/\/vinselcep.com\/es\/#website\"},\"primaryImageOfPage\":{\"@id\":\"https:\/\/vinselcep.com\/es\/barcelona-wine-week\/#primaryimage\"},\"image\":{\"@id\":\"https:\/\/vinselcep.com\/es\/barcelona-wine-week\/#primaryimage\"},\"thumbnailUrl\":\"https:\/\/vinselcep.com\/wp-content\/uploads\/2020\/12\/vins-el-cep-barcelona-wine-week.jpg\",\"datePublished\":\"2020-12-02T08:22:31+00:00\",\"dateModified\":\"2021-01-15T13:37:20+00:00\",\"description\":\"\u201cVinya Celler Masia\u201d es una marca colectiva que ampara los vinos producidos por payeses a partir de vi\u00f1edos propios y en bodega propia.\",\"breadcrumb\":{\"@id\":\"https:\/\/vinselcep.com\/es\/barcelona-wine-week\/#breadcrumb\"},\"inLanguage\":\"es\",\"potentialAction\":[{\"@type\":\"ReadAction\",\"target\":[\"https:\/\/vinselcep.com\/es\/barcelona-wine-week\/\"]}]},{\"@type\":\"ImageObject\",\"inLanguage\":\"es\",\"@id\":\"https:\/\/vinselcep.com\/es\/barcelona-wine-week\/#primaryimage\",\"url\":\"https:\/\/vinselcep.com\/wp-content\/uploads\/2020\/12\/vins-el-cep-barcelona-wine-week.jpg\",\"contentUrl\":\"https:\/\/vinselcep.com\/wp-content\/uploads\/2020\/12\/vins-el-cep-barcelona-wine-week.jpg\",\"width\":1300,\"height\":941,\"caption\":\"Vins el Cep Barcelona Wine week\"},{\"@type\":\"BreadcrumbList\",\"@id\":\"https:\/\/vinselcep.com\/es\/barcelona-wine-week\/#breadcrumb\",\"itemListElement\":[{\"@type\":\"ListItem\",\"position\":1,\"name\":\"Inici\",\"item\":\"https:\/\/vinselcep.com\/es\/\"},{\"@type\":\"ListItem\",\"position\":2,\"name\":\"Barcelona Wine Week\"}]},{\"@type\":\"WebSite\",\"@id\":\"https:\/\/vinselcep.com\/es\/#website\",\"url\":\"https:\/\/vinselcep.com\/es\/\",\"name\":\"Vins el Cep\",\"description\":\"Viticultors des de 1448\",\"publisher\":{\"@id\":\"https:\/\/vinselcep.com\/es\/#organization\"},\"potentialAction\":[{\"@type\":\"SearchAction\",\"target\":{\"@type\":\"EntryPoint\",\"urlTemplate\":\"https:\/\/vinselcep.com\/es\/?s={search_term_string}\"},\"query-input\":{\"@type\":\"PropertyValueSpecification\",\"valueRequired\":true,\"valueName\":\"search_term_string\"}}],\"inLanguage\":\"es\"},{\"@type\":\"Organization\",\"@id\":\"https:\/\/vinselcep.com\/es\/#organization\",\"name\":\"Vins el Cep\",\"url\":\"https:\/\/vinselcep.com\/es\/\",\"logo\":{\"@type\":\"ImageObject\",\"inLanguage\":\"es\",\"@id\":\"https:\/\/vinselcep.com\/es\/#\/schema\/logo\/image\/\",\"url\":\"https:\/\/vinselcep.com\/wp-content\/uploads\/2020\/11\/logo-vinselcep-positiu.png\",\"contentUrl\":\"https:\/\/vinselcep.com\/wp-content\/uploads\/2020\/11\/logo-vinselcep-positiu.png\",\"width\":600,\"height\":379,\"caption\":\"Vins el Cep\"},\"image\":{\"@id\":\"https:\/\/vinselcep.com\/es\/#\/schema\/logo\/image\/\"},\"sameAs\":[\"https:\/\/ca-es.facebook.com\/VinselCep\/\",\"https:\/\/x.com\/vinselcep\",\"https:\/\/www.instagram.com\/vinselcep\/\"]},{\"@type\":\"Person\",\"@id\":\"https:\/\/vinselcep.com\/es\/#\/schema\/person\/d2d585ec0045e0bec0c6b80d1128fe60\",\"name\":\"vinselcep\"}]}<\/script>\n<!-- \/ Yoast SEO Premium plugin. -->","yoast_head_json":{"title":"Barcelona Wine Week | Vins el Cep","description":"\u201cVinya Celler Masia\u201d es una marca colectiva que ampara los vinos producidos por payeses a partir de vi\u00f1edos propios y en bodega propia.","robots":{"index":"index","follow":"follow","max-snippet":"max-snippet:-1","max-image-preview":"max-image-preview:large","max-video-preview":"max-video-preview:-1"},"canonical":"https:\/\/vinselcep.com\/es\/barcelona-wine-week\/","og_locale":"es_ES","og_type":"article","og_title":"Barcelona Wine Week","og_description":"\u201cVinya Celler Masia\u201d es una marca colectiva que ampara los vinos producidos por payeses a partir de vi\u00f1edos propios y en bodega propia.","og_url":"https:\/\/vinselcep.com\/es\/barcelona-wine-week\/","og_site_name":"Vins el Cep","article_publisher":"https:\/\/ca-es.facebook.com\/VinselCep\/","article_published_time":"2020-12-02T08:22:31+00:00","article_modified_time":"2021-01-15T13:37:20+00:00","og_image":[{"width":1300,"height":941,"url":"https:\/\/vinselcep.com\/wp-content\/uploads\/2020\/12\/vins-el-cep-barcelona-wine-week.jpg","type":"image\/jpeg"}],"author":"vinselcep","twitter_card":"summary_large_image","twitter_creator":"@vinselcep","twitter_site":"@vinselcep","twitter_misc":{"Escrito por":"vinselcep","Tiempo de lectura":"2 minutos"},"schema":{"@context":"https:\/\/schema.org","@graph":[{"@type":"Article","@id":"https:\/\/vinselcep.com\/es\/barcelona-wine-week\/#article","isPartOf":{"@id":"https:\/\/vinselcep.com\/es\/barcelona-wine-week\/"},"author":{"name":"vinselcep","@id":"https:\/\/vinselcep.com\/es\/#\/schema\/person\/d2d585ec0045e0bec0c6b80d1128fe60"},"headline":"Barcelona Wine Week","datePublished":"2020-12-02T08:22:31+00:00","dateModified":"2021-01-15T13:37:20+00:00","mainEntityOfPage":{"@id":"https:\/\/vinselcep.com\/es\/barcelona-wine-week\/"},"wordCount":350,"publisher":{"@id":"https:\/\/vinselcep.com\/es\/#organization"},"image":{"@id":"https:\/\/vinselcep.com\/es\/barcelona-wine-week\/#primaryimage"},"thumbnailUrl":"https:\/\/vinselcep.com\/wp-content\/uploads\/2020\/12\/vins-el-cep-barcelona-wine-week.jpg","keywords":["barcelonawineweek","cava","cavaparatge","docava","vinselcep"],"articleSection":["Cavas","Ferias","Vinos"],"inLanguage":"es","copyrightYear":"2020","copyrightHolder":{"@id":"https:\/\/vinselcep.com\/#organization"}},{"@type":"WebPage","@id":"https:\/\/vinselcep.com\/es\/barcelona-wine-week\/","url":"https:\/\/vinselcep.com\/es\/barcelona-wine-week\/","name":"Barcelona Wine Week | Vins el Cep","isPartOf":{"@id":"https:\/\/vinselcep.com\/es\/#website"},"primaryImageOfPage":{"@id":"https:\/\/vinselcep.com\/es\/barcelona-wine-week\/#primaryimage"},"image":{"@id":"https:\/\/vinselcep.com\/es\/barcelona-wine-week\/#primaryimage"},"thumbnailUrl":"https:\/\/vinselcep.com\/wp-content\/uploads\/2020\/12\/vins-el-cep-barcelona-wine-week.jpg","datePublished":"2020-12-02T08:22:31+00:00","dateModified":"2021-01-15T13:37:20+00:00","description":"\u201cVinya Celler Masia\u201d es una marca colectiva que ampara los vinos producidos por payeses a partir de vi\u00f1edos propios y en bodega propia.","breadcrumb":{"@id":"https:\/\/vinselcep.com\/es\/barcelona-wine-week\/#breadcrumb"},"inLanguage":"es","potentialAction":[{"@type":"ReadAction","target":["https:\/\/vinselcep.com\/es\/barcelona-wine-week\/"]}]},{"@type":"ImageObject","inLanguage":"es","@id":"https:\/\/vinselcep.com\/es\/barcelona-wine-week\/#primaryimage","url":"https:\/\/vinselcep.com\/wp-content\/uploads\/2020\/12\/vins-el-cep-barcelona-wine-week.jpg","contentUrl":"https:\/\/vinselcep.com\/wp-content\/uploads\/2020\/12\/vins-el-cep-barcelona-wine-week.jpg","width":1300,"height":941,"caption":"Vins el Cep Barcelona Wine week"},{"@type":"BreadcrumbList","@id":"https:\/\/vinselcep.com\/es\/barcelona-wine-week\/#breadcrumb","itemListElement":[{"@type":"ListItem","position":1,"name":"Inici","item":"https:\/\/vinselcep.com\/es\/"},{"@type":"ListItem","position":2,"name":"Barcelona Wine Week"}]},{"@type":"WebSite","@id":"https:\/\/vinselcep.com\/es\/#website","url":"https:\/\/vinselcep.com\/es\/","name":"Vins el Cep","description":"Viticultors des de 1448","publisher":{"@id":"https:\/\/vinselcep.com\/es\/#organization"},"potentialAction":[{"@type":"SearchAction","target":{"@type":"EntryPoint","urlTemplate":"https:\/\/vinselcep.com\/es\/?s={search_term_string}"},"query-input":{"@type":"PropertyValueSpecification","valueRequired":true,"valueName":"search_term_string"}}],"inLanguage":"es"},{"@type":"Organization","@id":"https:\/\/vinselcep.com\/es\/#organization","name":"Vins el Cep","url":"https:\/\/vinselcep.com\/es\/","logo":{"@type":"ImageObject","inLanguage":"es","@id":"https:\/\/vinselcep.com\/es\/#\/schema\/logo\/image\/","url":"https:\/\/vinselcep.com\/wp-content\/uploads\/2020\/11\/logo-vinselcep-positiu.png","contentUrl":"https:\/\/vinselcep.com\/wp-content\/uploads\/2020\/11\/logo-vinselcep-positiu.png","width":600,"height":379,"caption":"Vins el Cep"},"image":{"@id":"https:\/\/vinselcep.com\/es\/#\/schema\/logo\/image\/"},"sameAs":["https:\/\/ca-es.facebook.com\/VinselCep\/","https:\/\/x.com\/vinselcep","https:\/\/www.instagram.com\/vinselcep\/"]},{"@type":"Person","@id":"https:\/\/vinselcep.com\/es\/#\/schema\/person\/d2d585ec0045e0bec0c6b80d1128fe60","name":"vinselcep"}]}},"_links":{"self":[{"href":"https:\/\/vinselcep.com\/es\/wp-json\/wp\/v2\/posts\/12662","targetHints":{"allow":["GET"]}}],"collection":[{"href":"https:\/\/vinselcep.com\/es\/wp-json\/wp\/v2\/posts"}],"about":[{"href":"https:\/\/vinselcep.com\/es\/wp-json\/wp\/v2\/types\/post"}],"author":[{"embeddable":true,"href":"https:\/\/vinselcep.com\/es\/wp-json\/wp\/v2\/users\/2"}],"replies":[{"embeddable":true,"href":"https:\/\/vinselcep.com\/es\/wp-json\/wp\/v2\/comments?post=12662"}],"version-history":[{"count":0,"href":"https:\/\/vinselcep.com\/es\/wp-json\/wp\/v2\/posts\/12662\/revisions"}],"wp:featuredmedia":[{"embeddable":true,"href":"https:\/\/vinselcep.com\/es\/wp-json\/wp\/v2\/media\/12335"}],"wp:attachment":[{"href":"https:\/\/vinselcep.com\/es\/wp-json\/wp\/v2\/media?parent=12662"}],"wp:term":[{"taxonomy":"category","embeddable":true,"href":"https:\/\/vinselcep.com\/es\/wp-json\/wp\/v2\/categories?post=12662"},{"taxonomy":"post_tag","embeddable":true,"href":"https:\/\/vinselcep.com\/es\/wp-json\/wp\/v2\/tags?post=12662"}],"curies":[{"name":"wp","href":"https:\/\/api.w.org\/{rel}","templated":true}]}}